{"id":323962,"date":"2025-06-26T17:45:02","date_gmt":"2025-06-26T14:45:02","guid":{"rendered":"https:\/\/sana.sy\/tr\/?p=323962"},"modified":"2025-06-26T17:46:11","modified_gmt":"2025-06-26T14:46:11","slug":"thomas-barrack-suriyedeki-onceligimiz-refahi-saglamak-ve-isidi-ortadan-kaldirmak","status":"publish","type":"post","link":"https:\/\/archive.sana.sy\/tr\/?p=323962","title":{"rendered":"Thomas Barrack: Suriye&#8217;deki \u00d6nceli\u011fimiz Refah\u0131 Sa\u011flamak Ve I\u015e\u0130D&#8217;i Ortadan Kald\u0131rmakt\u0131r"},"content":{"rendered":"<p style=\"text-align: justify;\"><span style=\"color: #ff0000;\"><strong>DUBA\u0130 (SANA) &#8211;<\/strong><\/span> ABD&#8217;nin Suriye \u00d6zel Temsilcisi Thomas Barrack, \u00fclkesinin Suriye&#8217;deki \u00f6nceli\u011finin refah ve g\u00fcvenli\u011fi sa\u011flamak, ter\u00f6rizmle m\u00fccadele etmek ve I\u015e\u0130D&#8217;i ortadan kald\u0131rmak oldu\u011funu ve Washington&#8217;\u0131n h\u00fck\u00fcmet bi\u00e7iminde m\u00fcdahale etmedi\u011fini belirtti.<\/p>\n<p style=\"text-align: justify;\">Barrack, Al Arabiya&#8217;ya yapt\u0131\u011f\u0131 a\u00e7\u0131klamada, \u00fclkesinin Suriye&#8217;ye uygulad\u0131\u011f\u0131 ekonomik yapt\u0131r\u0131mlar\u0131, ona bir \u015fans vermek ve halk\u0131n\u0131n yeniden aya\u011fa kalkmas\u0131na olanak tan\u0131mak amac\u0131yla kald\u0131rd\u0131\u011f\u0131n\u0131 belirtti.<\/p>\n<p style=\"text-align: justify;\">Be\u015f\u015far Esad rejimini devirenin ABD de\u011fil, Suriye halk\u0131 oldu\u011funu vurgulayan Barrack, Suriye Cumhurba\u015fkan\u0131 Ahmed El \u015eara&#8217;n\u0131n odaklanmas\u0131 ve tarih bilgisi, onun bir sava\u015f\u00e7\u0131dan devlet ba\u015fkan\u0131na d\u00f6n\u00fc\u015fmesini sa\u011flad\u0131 ve biz onun kendini kan\u0131tlamas\u0131na izin vermeye kararl\u0131y\u0131z\u2019\u2019 ifadelerini kullan\u0131 .<\/p>\n<p style=\"text-align: justify;\">Barrack ayr\u0131ca, ABD y\u00f6netiminin b\u00f6lgedeki \u00fclkelerin i\u015flerine kar\u0131\u015fma niyeti veya arzusunu reddetti ve Orta Do\u011fu&#8217;ya m\u00fcdahalenin tarihsel olarak ba\u015far\u0131s\u0131z oldu\u011funu kaydetti.<\/p>\n","protected":false},"excerpt":{"rendered":"<p>DUBA\u0130 (SANA) &#8211; ABD&#8217;nin Suriye \u00d6zel Temsilcisi Thomas Barrack, \u00fclkesinin Suriye&#8217;deki \u00f6nceli\u011finin refah ve g\u00fcvenli\u011fi sa\u011flamak, ter\u00f6rizmle m\u00fccadele etmek ve I\u015e\u0130D&#8217;i ortadan kald\u0131rmak oldu\u011funu ve Washington&#8217;\u0131n h\u00fck\u00fcmet bi\u00e7iminde m\u00fcdahale etmedi\u011fini belirtti. Barrack, Al Arabiya&#8217;ya yapt\u0131\u011f\u0131 a\u00e7\u0131klamada, \u00fclkesinin Suriye&#8217;ye uygulad\u0131\u011f\u0131 ekonomik yapt\u0131r\u0131mlar\u0131, ona bir \u015fans vermek ve halk\u0131n\u0131n yeniden aya\u011fa kalkmas\u0131na olanak tan\u0131mak amac\u0131yla kald\u0131rd\u0131\u011f\u0131n\u0131 belirtti. &hellip;<\/p>\n","protected":false},"author":41,"featured_media":323963,"comment_status":"closed","ping_status":"closed","sticky":false,"template":"","format":"standard","meta":{"footnotes":""},"categories":[458,589,459,17988],"tags":[],"class_list":["post-323962","post","type-post","status-publish","format-standard","has-post-thumbnail","","category-dunya1","category-haber-seridi","category-haberler-arap-uluslararasi-politika","category-son-haberler"],"_links":{"self":[{"href":"https:\/\/archive.sana.sy\/tr\/index.php?rest_route=\/wp\/v2\/posts\/323962","targetHints":{"allow":["GET"]}}],"collection":[{"href":"https:\/\/archive.sana.sy\/tr\/index.php?rest_route=\/wp\/v2\/posts"}],"about":[{"href":"https:\/\/archive.sana.sy\/tr\/index.php?rest_route=\/wp\/v2\/types\/post"}],"author":[{"embeddable":true,"href":"https:\/\/archive.sana.sy\/tr\/index.php?rest_route=\/wp\/v2\/users\/41"}],"replies":[{"embeddable":true,"href":"https:\/\/archive.sana.sy\/tr\/index.php?rest_route=%2Fwp%2Fv2%2Fcomments&post=323962"}],"version-history":[{"count":2,"href":"https:\/\/archive.sana.sy\/tr\/index.php?rest_route=\/wp\/v2\/posts\/323962\/revisions"}],"predecessor-version":[{"id":323965,"href":"https:\/\/archive.sana.sy\/tr\/index.php?rest_route=\/wp\/v2\/posts\/323962\/revisions\/323965"}],"wp:featuredmedia":[{"embeddable":true,"href":"https:\/\/archive.sana.sy\/tr\/index.php?rest_route=\/wp\/v2\/media\/323963"}],"wp:attachment":[{"href":"https:\/\/archive.sana.sy\/tr\/index.php?rest_route=%2Fwp%2Fv2%2Fmedia&parent=323962"}],"wp:term":[{"taxonomy":"category","embeddable":true,"href":"https:\/\/archive.sana.sy\/tr\/index.php?rest_route=%2Fwp%2Fv2%2Fcategories&post=323962"},{"taxonomy":"post_tag","embeddable":true,"href":"https:\/\/archive.sana.sy\/tr\/index.php?rest_route=%2Fwp%2Fv2%2Ftags&post=323962"}],"curies":[{"name":"wp","href":"https:\/\/api.w.org\/{rel}","templated":true}]}}