{"id":323968,"date":"2025-06-26T18:35:25","date_gmt":"2025-06-26T15:35:25","guid":{"rendered":"https:\/\/sana.sy\/tr\/?p=323968"},"modified":"2025-06-29T14:45:07","modified_gmt":"2025-06-29T11:45:07","slug":"cumhurbaskani-el-sara-yeni-hicri-yili-dolayisiyla-kral-ii-abdullahtan-tebrik-telgrafi-aldi","status":"publish","type":"post","link":"https:\/\/archive.sana.sy\/tr\/?p=323968","title":{"rendered":"Cumhurba\u015fkan\u0131 El \u015eara, Yeni Hicri Y\u0131l\u0131 Dolay\u0131s\u0131yla Kral II. Abdullah&#8217;tan Tebrik Telgraf\u0131 Ald\u0131"},"content":{"rendered":"<p style=\"text-align: justify;\"><span style=\"color: #ff0000;\"><strong>\u015eAM (SANA)<\/strong><\/span> &#8211; Cumhurba\u015fkan\u0131 Say\u0131n Ahmed El \u015eara, \u00dcrd\u00fcn Ha\u015fimi Krall\u0131\u011f\u0131 Kral\u0131 Kral II. Abdullah bin El H\u00fcseyin&#8217;den yeni Hicri y\u0131l\u0131n\u0131n geli\u015fi dolay\u0131s\u0131yla tebrik telgraf\u0131 ald\u0131.<\/p>\n<p style=\"text-align: justify;\">Kral Abdullah, hem kendi ad\u0131na hem de \u00dcrd\u00fcn Ha\u015fimi Krall\u0131\u011f\u0131 halk\u0131 ve h\u00fck\u00fcmeti ad\u0131na, Arap ve \u0130slam \u00fclkelerinin yeni Hicri y\u0131l\u0131n\u0131 kutlamalar\u0131 vesilesiyle Cumhurba\u015fkan\u0131 El \u015eara&#8217;ya en i\u00e7ten tebriklerini ve samimi karde\u015flik duygular\u0131n\u0131 iletti.<\/p>\n<p style=\"text-align: justify;\">Kral Abdullah telgraf\u0131nda ayr\u0131ca, Y\u00fcce Allah&#8217;a bu m\u00fcbarek g\u00fcn\u00fc Cumhurba\u015fkan\u0131 El \u015eara&#8217;ya sa\u011fl\u0131k, karde\u015f Suriye halk\u0131na daha fazla ilerleme ve bolluk, Arap ve \u0130slam \u00fclkelerine ise iyilik, bereket ve refah getirmesi i\u00e7in dua etti.<\/p>\n","protected":false},"excerpt":{"rendered":"<p>\u015eAM (SANA) &#8211; Cumhurba\u015fkan\u0131 Say\u0131n Ahmed El \u015eara, \u00dcrd\u00fcn Ha\u015fimi Krall\u0131\u011f\u0131 Kral\u0131 Kral II. Abdullah bin El H\u00fcseyin&#8217;den yeni Hicri y\u0131l\u0131n\u0131n geli\u015fi dolay\u0131s\u0131yla tebrik telgraf\u0131 ald\u0131. Kral Abdullah, hem kendi ad\u0131na hem de \u00dcrd\u00fcn Ha\u015fimi Krall\u0131\u011f\u0131 halk\u0131 ve h\u00fck\u00fcmeti ad\u0131na, Arap ve \u0130slam \u00fclkelerinin yeni Hicri y\u0131l\u0131n\u0131 kutlamalar\u0131 vesilesiyle Cumhurba\u015fkan\u0131 El \u015eara&#8217;ya en i\u00e7ten tebriklerini &hellip;<\/p>\n","protected":false},"author":41,"featured_media":323969,"comment_status":"closed","ping_status":"closed","sticky":false,"template":"","format":"standard","meta":{"footnotes":""},"categories":[589,605,17988,613],"tags":[],"class_list":["post-323968","post","type-post","status-publish","format-standard","has-post-thumbnail","","category-haber-seridi","category-sayin-cumhurbaskani","category-son-haberler","category-telgraflar"],"_links":{"self":[{"href":"https:\/\/archive.sana.sy\/tr\/index.php?rest_route=\/wp\/v2\/posts\/323968","targetHints":{"allow":["GET"]}}],"collection":[{"href":"https:\/\/archive.sana.sy\/tr\/index.php?rest_route=\/wp\/v2\/posts"}],"about":[{"href":"https:\/\/archive.sana.sy\/tr\/index.php?rest_route=\/wp\/v2\/types\/post"}],"author":[{"embeddable":true,"href":"https:\/\/archive.sana.sy\/tr\/index.php?rest_route=\/wp\/v2\/users\/41"}],"replies":[{"embeddable":true,"href":"https:\/\/archive.sana.sy\/tr\/index.php?rest_route=%2Fwp%2Fv2%2Fcomments&post=323968"}],"version-history":[{"count":1,"href":"https:\/\/archive.sana.sy\/tr\/index.php?rest_route=\/wp\/v2\/posts\/323968\/revisions"}],"predecessor-version":[{"id":323970,"href":"https:\/\/archive.sana.sy\/tr\/index.php?rest_route=\/wp\/v2\/posts\/323968\/revisions\/323970"}],"wp:featuredmedia":[{"embeddable":true,"href":"https:\/\/archive.sana.sy\/tr\/index.php?rest_route=\/wp\/v2\/media\/323969"}],"wp:attachment":[{"href":"https:\/\/archive.sana.sy\/tr\/index.php?rest_route=%2Fwp%2Fv2%2Fmedia&parent=323968"}],"wp:term":[{"taxonomy":"category","embeddable":true,"href":"https:\/\/archive.sana.sy\/tr\/index.php?rest_route=%2Fwp%2Fv2%2Fcategories&post=323968"},{"taxonomy":"post_tag","embeddable":true,"href":"https:\/\/archive.sana.sy\/tr\/index.php?rest_route=%2Fwp%2Fv2%2Ftags&post=323968"}],"curies":[{"name":"wp","href":"https:\/\/api.w.org\/{rel}","templated":true}]}}