{"id":323972,"date":"2025-06-26T19:22:53","date_gmt":"2025-06-26T16:22:53","guid":{"rendered":"https:\/\/sana.sy\/tr\/?p=323972"},"modified":"2025-06-26T19:22:53","modified_gmt":"2025-06-26T16:22:53","slug":"suriye-ve-turkiye-arasinda-elektrik-baglanti-projesi-icin-toplanti-duzenlendi","status":"publish","type":"post","link":"https:\/\/archive.sana.sy\/tr\/?p=323972","title":{"rendered":"Suriye Ve T\u00fcrkiye Aras\u0131nda Elektrik Ba\u011flant\u0131 Projesi \u0130\u00e7in Toplant\u0131 D\u00fczenlendi"},"content":{"rendered":"<p style=\"text-align: justify;\"><span style=\"color: #ff0000;\"><strong>\u015eAM (SANA) &#8211;<\/strong><\/span> Elektrik Genel M\u00fcd\u00fcrl\u00fc\u011f\u00fc, Suriye ile T\u00fcrkiye aras\u0131nda yap\u0131lmas\u0131 planlanan 400 kilovoltluk uluslararas\u0131 elektrik ba\u011flant\u0131 projesini g\u00f6r\u00fc\u015fmek \u00fczere T\u00fcrk \u015firketi Levant Elektrik Ticaret Anonim \u015eirketi yetkilileriyle bir araya geldi.<\/p>\n<p style=\"text-align: justify;\">Projenin amac\u0131 elektrik istikrar\u0131n\u0131 desteklemek, iki \u00fclke aras\u0131ndaki enerji al\u0131\u015fveri\u015fini geni\u015fletmek, kom\u015fu \u00fclkelerle b\u00f6lgesel ba\u011flant\u0131 projeleri geli\u015ftirmek ve b\u00f6lgesel enerji i\u015f birli\u011fini ilerletmekt\u0131r.<\/p>\n<div id='gallery-1' class='gallery galleryid-323972 gallery-columns-3 gallery-size-thumbnail'><figure class='gallery-item'>\n\t\t\t<div class='gallery-icon landscape'>\n\t\t\t\t<a href='https:\/\/archive.sana.sy\/tr\/?attachment_id=323974'><img loading=\"lazy\" decoding=\"async\" width=\"150\" height=\"150\" src=\"https:\/\/archive.sana.sy\/tr\/wp-content\/uploads\/2025\/06\/22222-150x150.jpg\" class=\"attachment-thumbnail size-thumbnail\" alt=\"\" \/><\/a>\n\t\t\t<\/div><\/figure><figure class='gallery-item'>\n\t\t\t<div class='gallery-icon landscape'>\n\t\t\t\t<a href='https:\/\/archive.sana.sy\/tr\/?attachment_id=323975'><img loading=\"lazy\" decoding=\"async\" width=\"150\" height=\"150\" src=\"https:\/\/archive.sana.sy\/tr\/wp-content\/uploads\/2025\/06\/22-2-150x150.jpg\" class=\"attachment-thumbnail size-thumbnail\" alt=\"\" \/><\/a>\n\t\t\t<\/div><\/figure><figure class='gallery-item'>\n\t\t\t<div class='gallery-icon landscape'>\n\t\t\t\t<a href='https:\/\/archive.sana.sy\/tr\/?attachment_id=323976'><img loading=\"lazy\" decoding=\"async\" width=\"150\" height=\"150\" src=\"https:\/\/archive.sana.sy\/tr\/wp-content\/uploads\/2025\/06\/222-1-150x150.jpg\" class=\"attachment-thumbnail size-thumbnail\" alt=\"\" \/><\/a>\n\t\t\t<\/div><\/figure>\n\t\t<\/div>\n\n","protected":false},"excerpt":{"rendered":"<p>\u015eAM (SANA) &#8211; Elektrik Genel M\u00fcd\u00fcrl\u00fc\u011f\u00fc, Suriye ile T\u00fcrkiye aras\u0131nda yap\u0131lmas\u0131 planlanan 400 kilovoltluk uluslararas\u0131 elektrik ba\u011flant\u0131 projesini g\u00f6r\u00fc\u015fmek \u00fczere T\u00fcrk \u015firketi Levant Elektrik Ticaret Anonim \u015eirketi yetkilileriyle bir araya geldi. Projenin amac\u0131 elektrik istikrar\u0131n\u0131 desteklemek, iki \u00fclke aras\u0131ndaki enerji al\u0131\u015fveri\u015fini geni\u015fletmek, kom\u015fu \u00fclkelerle b\u00f6lgesel ba\u011flant\u0131 projeleri geli\u015ftirmek ve b\u00f6lgesel enerji i\u015f birli\u011fini ilerletmekt\u0131r.<\/p>\n","protected":false},"author":41,"featured_media":323973,"comment_status":"closed","ping_status":"closed","sticky":false,"template":"","format":"standard","meta":{"footnotes":""},"categories":[589,479,17988,478],"tags":[],"class_list":["post-323972","post","type-post","status-publish","format-standard","has-post-thumbnail","","category-haber-seridi","category-haberler-yerel","category-son-haberler","category-yerel"],"_links":{"self":[{"href":"https:\/\/archive.sana.sy\/tr\/index.php?rest_route=\/wp\/v2\/posts\/323972","targetHints":{"allow":["GET"]}}],"collection":[{"href":"https:\/\/archive.sana.sy\/tr\/index.php?rest_route=\/wp\/v2\/posts"}],"about":[{"href":"https:\/\/archive.sana.sy\/tr\/index.php?rest_route=\/wp\/v2\/types\/post"}],"author":[{"embeddable":true,"href":"https:\/\/archive.sana.sy\/tr\/index.php?rest_route=\/wp\/v2\/users\/41"}],"replies":[{"embeddable":true,"href":"https:\/\/archive.sana.sy\/tr\/index.php?rest_route=%2Fwp%2Fv2%2Fcomments&post=323972"}],"version-history":[{"count":1,"href":"https:\/\/archive.sana.sy\/tr\/index.php?rest_route=\/wp\/v2\/posts\/323972\/revisions"}],"predecessor-version":[{"id":323977,"href":"https:\/\/archive.sana.sy\/tr\/index.php?rest_route=\/wp\/v2\/posts\/323972\/revisions\/323977"}],"wp:featuredmedia":[{"embeddable":true,"href":"https:\/\/archive.sana.sy\/tr\/index.php?rest_route=\/wp\/v2\/media\/323973"}],"wp:attachment":[{"href":"https:\/\/archive.sana.sy\/tr\/index.php?rest_route=%2Fwp%2Fv2%2Fmedia&parent=323972"}],"wp:term":[{"taxonomy":"category","embeddable":true,"href":"https:\/\/archive.sana.sy\/tr\/index.php?rest_route=%2Fwp%2Fv2%2Fcategories&post=323972"},{"taxonomy":"post_tag","embeddable":true,"href":"https:\/\/archive.sana.sy\/tr\/index.php?rest_route=%2Fwp%2Fv2%2Ftags&post=323972"}],"curies":[{"name":"wp","href":"https:\/\/api.w.org\/{rel}","templated":true}]}}