{"id":323982,"date":"2025-06-27T09:40:15","date_gmt":"2025-06-27T06:40:15","guid":{"rendered":"https:\/\/sana.sy\/tr\/?p=323982"},"modified":"2025-06-27T13:12:22","modified_gmt":"2025-06-27T10:12:22","slug":"ab-suriyenin-egemenligine-ve-bagimsizligina-saygi-gosterme-taahhudunu-vurguladi","status":"publish","type":"post","link":"https:\/\/archive.sana.sy\/tr\/?p=323982","title":{"rendered":"AB, Suriye&#8217;nin Egemenli\u011fine Ve Ba\u011f\u0131ms\u0131zl\u0131\u011f\u0131na Sayg\u0131 G\u00f6sterme Taahh\u00fcd\u00fcn\u00fc Vurgulad\u0131"},"content":{"rendered":"<p style=\"text-align: justify;\"><span style=\"color: #800000;\"><strong>BR\u00dcKSEL (SANA) &#8211;<\/strong><\/span> AB Konseyi, uluslararas\u0131 hukuk ve Birle\u015fmi\u015f Milletler \u015eart\u0131 ilkeleri do\u011frultusunda Suriye&#8217;nin ba\u011f\u0131ms\u0131zl\u0131\u011f\u0131na, egemenli\u011fine ve toprak b\u00fct\u00fcnl\u00fc\u011f\u00fcne sayg\u0131 g\u00f6sterilmesinin gereklili\u011fini vurgulad\u0131.<\/p>\n<p style=\"text-align: justify;\">Konsey, Bel\u00e7ika&#8217;n\u0131n ba\u015fkenti Br\u00fcksel&#8217;de d\u00fczenlenen ve Ortado\u011fu&#8217;daki geli\u015fmeleri ele alan oturumun ard\u0131ndan bug\u00fcn resmi internet sitesinde yay\u0131mlanan bir bildiriyle bu a\u00e7\u0131klamay\u0131 yapt\u0131.<\/p>\n<p style=\"text-align: justify;\">Avrupa Konseyi, Avrupa Birli\u011fi&#8217;nin kademeli ve geri d\u00f6nd\u00fcr\u00fclebilir politikas\u0131n\u0131n bir par\u00e7as\u0131 olarak Suriye&#8217;ye uygulanan baz\u0131 ekonomik yapt\u0131r\u0131mlar\u0131n yak\u0131n zamanda kald\u0131r\u0131lmas\u0131n\u0131 memnuniyetle kar\u015f\u0131layarak, Suriye&#8217;de zararl\u0131 d\u0131\u015f m\u00fcdahalelerden uzak, bar\u0131\u015f\u00e7\u0131l ve kapsay\u0131c\u0131 bir siyasi ge\u00e7i\u015fin \u00f6nemini vurgulad\u0131.<\/p>\n<p style=\"text-align: justify;\">A\u00e7\u0131klamada ayr\u0131ca, istisnas\u0131z t\u00fcm Suriyelilerin dini veya etnik k\u00f6kenlerine bak\u0131lmaks\u0131z\u0131n haklar\u0131n\u0131n korunmas\u0131 ve istikrara do\u011fru at\u0131lacak en \u00f6nemli ad\u0131m olarak ge\u00e7i\u015f adaleti ve uzla\u015f\u0131n\u0131n sa\u011flanmas\u0131 gerekti\u011fi kaydedildi.<\/p>\n","protected":false},"excerpt":{"rendered":"<p>BR\u00dcKSEL (SANA) &#8211; AB Konseyi, uluslararas\u0131 hukuk ve Birle\u015fmi\u015f Milletler \u015eart\u0131 ilkeleri do\u011frultusunda Suriye&#8217;nin ba\u011f\u0131ms\u0131zl\u0131\u011f\u0131na, egemenli\u011fine ve toprak b\u00fct\u00fcnl\u00fc\u011f\u00fcne sayg\u0131 g\u00f6sterilmesinin gereklili\u011fini vurgulad\u0131. Konsey, Bel\u00e7ika&#8217;n\u0131n ba\u015fkenti Br\u00fcksel&#8217;de d\u00fczenlenen ve Ortado\u011fu&#8217;daki geli\u015fmeleri ele alan oturumun ard\u0131ndan bug\u00fcn resmi internet sitesinde yay\u0131mlanan bir bildiriyle bu a\u00e7\u0131klamay\u0131 yapt\u0131. Avrupa Konseyi, Avrupa Birli\u011fi&#8217;nin kademeli ve geri d\u00f6nd\u00fcr\u00fclebilir politikas\u0131n\u0131n bir &hellip;<\/p>\n","protected":false},"author":44,"featured_media":323983,"comment_status":"closed","ping_status":"closed","sticky":false,"template":"","format":"standard","meta":{"footnotes":""},"categories":[458,589,459,17988],"tags":[8105,43956],"class_list":["post-323982","post","type-post","status-publish","format-standard","has-post-thumbnail","","category-dunya1","category-haber-seridi","category-haberler-arap-uluslararasi-politika","category-son-haberler","tag-ab","tag-suriyenin-egemenligine-ve-bagimsizligina-saygi-gosterme-taahhudunu-vurguladi"],"_links":{"self":[{"href":"https:\/\/archive.sana.sy\/tr\/index.php?rest_route=\/wp\/v2\/posts\/323982","targetHints":{"allow":["GET"]}}],"collection":[{"href":"https:\/\/archive.sana.sy\/tr\/index.php?rest_route=\/wp\/v2\/posts"}],"about":[{"href":"https:\/\/archive.sana.sy\/tr\/index.php?rest_route=\/wp\/v2\/types\/post"}],"author":[{"embeddable":true,"href":"https:\/\/archive.sana.sy\/tr\/index.php?rest_route=\/wp\/v2\/users\/44"}],"replies":[{"embeddable":true,"href":"https:\/\/archive.sana.sy\/tr\/index.php?rest_route=%2Fwp%2Fv2%2Fcomments&post=323982"}],"version-history":[{"count":2,"href":"https:\/\/archive.sana.sy\/tr\/index.php?rest_route=\/wp\/v2\/posts\/323982\/revisions"}],"predecessor-version":[{"id":324007,"href":"https:\/\/archive.sana.sy\/tr\/index.php?rest_route=\/wp\/v2\/posts\/323982\/revisions\/324007"}],"wp:featuredmedia":[{"embeddable":true,"href":"https:\/\/archive.sana.sy\/tr\/index.php?rest_route=\/wp\/v2\/media\/323983"}],"wp:attachment":[{"href":"https:\/\/archive.sana.sy\/tr\/index.php?rest_route=%2Fwp%2Fv2%2Fmedia&parent=323982"}],"wp:term":[{"taxonomy":"category","embeddable":true,"href":"https:\/\/archive.sana.sy\/tr\/index.php?rest_route=%2Fwp%2Fv2%2Fcategories&post=323982"},{"taxonomy":"post_tag","embeddable":true,"href":"https:\/\/archive.sana.sy\/tr\/index.php?rest_route=%2Fwp%2Fv2%2Ftags&post=323982"}],"curies":[{"name":"wp","href":"https:\/\/api.w.org\/{rel}","templated":true}]}}