{"id":323992,"date":"2025-06-27T08:00:42","date_gmt":"2025-06-27T05:00:42","guid":{"rendered":"https:\/\/sana.sy\/tr\/?p=323992"},"modified":"2025-06-27T11:39:15","modified_gmt":"2025-06-27T08:39:15","slug":"sam-arap-ve-uluslararasi-katilimli-agritex-2025e-ev-sahipligi-yapti","status":"publish","type":"post","link":"https:\/\/archive.sana.sy\/tr\/?p=323992","title":{"rendered":"\u015eam, Arap Ve Uluslararas\u0131 Kat\u0131l\u0131ml\u0131 Agritex 2025&#8217;e Ev Sahipli\u011fi Yapt\u0131"},"content":{"rendered":"<p style=\"text-align: justify;\"><span style=\"color: #800000;\"><strong>\u015eAM (SANA) &#8211;<\/strong><\/span> Suriye, Arap \u00fclkeleri ve yabanc\u0131 \u00fclkelerden 142 \u015firketin kat\u0131l\u0131m\u0131yla, 23. Agritex Uluslararas\u0131 Tar\u0131m ve Veterinerlik Malzemeleri Fuar\u0131 d\u00fcn \u015eam Fuar Alan\u0131&#8217;nda ba\u015flad\u0131. Etkinlik, Atassi Exhibitions taraf\u0131ndan Tar\u0131m ve Tar\u0131m Reformu Bakanl\u0131\u011f\u0131, Ziraat Odalar\u0131 Federasyonu ve Veterinerler Sendikas\u0131 i\u015fbirli\u011fiyle d\u00fczenlendi.<\/p>\n<p style=\"text-align: justify;\">Suriye Tar\u0131m Bakan\u0131 Emced Bedir, fuar standlar\u0131n\u0131 gezerek, veterinerlik alan\u0131nda ileri teknoloji \u00fcr\u00fcnleri, yem, tohum, g\u00fcbre, pestisit, modern sulama teknolojileri ve \u00e7ift\u00e7ilerin ve veteriner hekimlerin ihtiya\u00e7lar\u0131n\u0131 kar\u015f\u0131layan di\u011fer ekipmanlar\u0131n sergilendi\u011fi firma stantlar\u0131n\u0131 inceledi.<\/p>\n<p style=\"text-align: justify;\">Bakan Bedir, gazetecilere yapt\u0131\u011f\u0131 a\u00e7\u0131klamada, bu ekonomik olaylar\u0131n tar\u0131m sekt\u00f6r\u00fcn\u00fc destekleme ve g\u0131da g\u00fcvenli\u011fini art\u0131rmadaki \u00f6nemini vurgulayarak, \u00c7ift\u00e7ilere belirli \u00fcr\u00fcnlerin faydalar\u0131 ve riskleri ve bunlar\u0131n en iyi \u015fekilde nas\u0131l kullan\u0131laca\u011f\u0131 konusunda e\u011fitim vermek i\u00e7in dan\u0131\u015fmanl\u0131k ara\u00e7lar\u0131n\u0131n kullan\u0131lmas\u0131n\u0131n gereklili\u011fini kaydetti.<\/p>\n<p style=\"text-align: justify;\">Bakan ayr\u0131ca, uluslararas\u0131 kat\u0131l\u0131m\u0131n Suriye pazar\u0131n\u0131n a\u00e7\u0131kl\u0131\u011f\u0131n\u0131 ve kademeli toparlanmas\u0131n\u0131 ve uzmanl\u0131k al\u0131\u015fveri\u015fine ve yerel \u00fcr\u00fcn kalitesinin iyile\u015ftirilmesine katk\u0131s\u0131n\u0131 yans\u0131tt\u0131\u011f\u0131n\u0131 kaydetti.<\/p>\n<div id='gallery-1' class='gallery galleryid-323992 gallery-columns-1 gallery-size-full'><figure class='gallery-item'>\n\t\t\t<div class='gallery-icon landscape'>\n\t\t\t\t<a href='https:\/\/archive.sana.sy\/tr\/?attachment_id=323993'><img loading=\"lazy\" decoding=\"async\" width=\"2560\" height=\"1440\" src=\"https:\/\/archive.sana.sy\/tr\/wp-content\/uploads\/2025\/06\/4-7.jpg\" class=\"attachment-full size-full\" alt=\"\" srcset=\"https:\/\/archive.sana.sy\/tr\/wp-content\/uploads\/2025\/06\/4-7.jpg 2560w, https:\/\/archive.sana.sy\/tr\/wp-content\/uploads\/2025\/06\/4-7-300x169.jpg 300w, https:\/\/archive.sana.sy\/tr\/wp-content\/uploads\/2025\/06\/4-7-1024x576.jpg 1024w, https:\/\/archive.sana.sy\/tr\/wp-content\/uploads\/2025\/06\/4-7-768x432.jpg 768w, https:\/\/archive.sana.sy\/tr\/wp-content\/uploads\/2025\/06\/4-7-1536x864.jpg 1536w, https:\/\/archive.sana.sy\/tr\/wp-content\/uploads\/2025\/06\/4-7-2048x1152.jpg 2048w\" sizes=\"auto, (max-width: 2560px) 100vw, 2560px\" \/><\/a>\n\t\t\t<\/div><\/figure><figure class='gallery-item'>\n\t\t\t<div class='gallery-icon landscape'>\n\t\t\t\t<a href='https:\/\/archive.sana.sy\/tr\/?attachment_id=323994'><img loading=\"lazy\" decoding=\"async\" width=\"2560\" height=\"1519\" src=\"https:\/\/archive.sana.sy\/tr\/wp-content\/uploads\/2025\/06\/5-5.jpg\" class=\"attachment-full size-full\" alt=\"\" srcset=\"https:\/\/archive.sana.sy\/tr\/wp-content\/uploads\/2025\/06\/5-5.jpg 2560w, https:\/\/archive.sana.sy\/tr\/wp-content\/uploads\/2025\/06\/5-5-300x178.jpg 300w, https:\/\/archive.sana.sy\/tr\/wp-content\/uploads\/2025\/06\/5-5-1024x608.jpg 1024w, https:\/\/archive.sana.sy\/tr\/wp-content\/uploads\/2025\/06\/5-5-768x456.jpg 768w, https:\/\/archive.sana.sy\/tr\/wp-content\/uploads\/2025\/06\/5-5-1536x911.jpg 1536w, https:\/\/archive.sana.sy\/tr\/wp-content\/uploads\/2025\/06\/5-5-2048x1215.jpg 2048w\" sizes=\"auto, (max-width: 2560px) 100vw, 2560px\" \/><\/a>\n\t\t\t<\/div><\/figure><figure class='gallery-item'>\n\t\t\t<div class='gallery-icon landscape'>\n\t\t\t\t<a href='https:\/\/archive.sana.sy\/tr\/?attachment_id=323995'><img loading=\"lazy\" decoding=\"async\" width=\"2560\" height=\"1497\" src=\"https:\/\/archive.sana.sy\/tr\/wp-content\/uploads\/2025\/06\/6-1.jpg\" class=\"attachment-full size-full\" alt=\"\" srcset=\"https:\/\/archive.sana.sy\/tr\/wp-content\/uploads\/2025\/06\/6-1.jpg 2560w, https:\/\/archive.sana.sy\/tr\/wp-content\/uploads\/2025\/06\/6-1-300x175.jpg 300w, https:\/\/archive.sana.sy\/tr\/wp-content\/uploads\/2025\/06\/6-1-1024x599.jpg 1024w, https:\/\/archive.sana.sy\/tr\/wp-content\/uploads\/2025\/06\/6-1-768x449.jpg 768w, https:\/\/archive.sana.sy\/tr\/wp-content\/uploads\/2025\/06\/6-1-1536x898.jpg 1536w, https:\/\/archive.sana.sy\/tr\/wp-content\/uploads\/2025\/06\/6-1-2048x1198.jpg 2048w\" sizes=\"auto, (max-width: 2560px) 100vw, 2560px\" \/><\/a>\n\t\t\t<\/div><\/figure><figure class='gallery-item'>\n\t\t\t<div class='gallery-icon landscape'>\n\t\t\t\t<a href='https:\/\/archive.sana.sy\/tr\/?attachment_id=323996'><img loading=\"lazy\" decoding=\"async\" width=\"2560\" height=\"1491\" src=\"https:\/\/archive.sana.sy\/tr\/wp-content\/uploads\/2025\/06\/7.jpg\" class=\"attachment-full size-full\" alt=\"\" srcset=\"https:\/\/archive.sana.sy\/tr\/wp-content\/uploads\/2025\/06\/7.jpg 2560w, https:\/\/archive.sana.sy\/tr\/wp-content\/uploads\/2025\/06\/7-300x175.jpg 300w, https:\/\/archive.sana.sy\/tr\/wp-content\/uploads\/2025\/06\/7-1024x596.jpg 1024w, https:\/\/archive.sana.sy\/tr\/wp-content\/uploads\/2025\/06\/7-768x447.jpg 768w, https:\/\/archive.sana.sy\/tr\/wp-content\/uploads\/2025\/06\/7-1536x895.jpg 1536w, https:\/\/archive.sana.sy\/tr\/wp-content\/uploads\/2025\/06\/7-2048x1193.jpg 2048w\" sizes=\"auto, (max-width: 2560px) 100vw, 2560px\" \/><\/a>\n\t\t\t<\/div><\/figure><figure class='gallery-item'>\n\t\t\t<div class='gallery-icon landscape'>\n\t\t\t\t<a href='https:\/\/archive.sana.sy\/tr\/?attachment_id=323997'><img loading=\"lazy\" decoding=\"async\" width=\"2560\" height=\"1565\" src=\"https:\/\/archive.sana.sy\/tr\/wp-content\/uploads\/2025\/06\/8.jpg\" class=\"attachment-full size-full\" alt=\"\" srcset=\"https:\/\/archive.sana.sy\/tr\/wp-content\/uploads\/2025\/06\/8.jpg 2560w, https:\/\/archive.sana.sy\/tr\/wp-content\/uploads\/2025\/06\/8-300x183.jpg 300w, https:\/\/archive.sana.sy\/tr\/wp-content\/uploads\/2025\/06\/8-1024x626.jpg 1024w, https:\/\/archive.sana.sy\/tr\/wp-content\/uploads\/2025\/06\/8-768x470.jpg 768w, https:\/\/archive.sana.sy\/tr\/wp-content\/uploads\/2025\/06\/8-1536x939.jpg 1536w, https:\/\/archive.sana.sy\/tr\/wp-content\/uploads\/2025\/06\/8-2048x1252.jpg 2048w\" sizes=\"auto, (max-width: 2560px) 100vw, 2560px\" \/><\/a>\n\t\t\t<\/div><\/figure>\n\t\t<\/div>\n\n<p style=\"text-align: justify;\">\n","protected":false},"excerpt":{"rendered":"<p>\u015eAM (SANA) &#8211; Suriye, Arap \u00fclkeleri ve yabanc\u0131 \u00fclkelerden 142 \u015firketin kat\u0131l\u0131m\u0131yla, 23. Agritex Uluslararas\u0131 Tar\u0131m ve Veterinerlik Malzemeleri Fuar\u0131 d\u00fcn \u015eam Fuar Alan\u0131&#8217;nda ba\u015flad\u0131. Etkinlik, Atassi Exhibitions taraf\u0131ndan Tar\u0131m ve Tar\u0131m Reformu Bakanl\u0131\u011f\u0131, Ziraat Odalar\u0131 Federasyonu ve Veterinerler Sendikas\u0131 i\u015fbirli\u011fiyle d\u00fczenlendi. Suriye Tar\u0131m Bakan\u0131 Emced Bedir, fuar standlar\u0131n\u0131 gezerek, veterinerlik alan\u0131nda ileri teknoloji \u00fcr\u00fcnleri, &hellip;<\/p>\n","protected":false},"author":44,"featured_media":323999,"comment_status":"closed","ping_status":"closed","sticky":false,"template":"","format":"standard","meta":{"footnotes":""},"categories":[589,479,17988,478],"tags":[],"class_list":["post-323992","post","type-post","status-publish","format-standard","has-post-thumbnail","","category-haber-seridi","category-haberler-yerel","category-son-haberler","category-yerel"],"_links":{"self":[{"href":"https:\/\/archive.sana.sy\/tr\/index.php?rest_route=\/wp\/v2\/posts\/323992","targetHints":{"allow":["GET"]}}],"collection":[{"href":"https:\/\/archive.sana.sy\/tr\/index.php?rest_route=\/wp\/v2\/posts"}],"about":[{"href":"https:\/\/archive.sana.sy\/tr\/index.php?rest_route=\/wp\/v2\/types\/post"}],"author":[{"embeddable":true,"href":"https:\/\/archive.sana.sy\/tr\/index.php?rest_route=\/wp\/v2\/users\/44"}],"replies":[{"embeddable":true,"href":"https:\/\/archive.sana.sy\/tr\/index.php?rest_route=%2Fwp%2Fv2%2Fcomments&post=323992"}],"version-history":[{"count":1,"href":"https:\/\/archive.sana.sy\/tr\/index.php?rest_route=\/wp\/v2\/posts\/323992\/revisions"}],"predecessor-version":[{"id":323998,"href":"https:\/\/archive.sana.sy\/tr\/index.php?rest_route=\/wp\/v2\/posts\/323992\/revisions\/323998"}],"wp:featuredmedia":[{"embeddable":true,"href":"https:\/\/archive.sana.sy\/tr\/index.php?rest_route=\/wp\/v2\/media\/323999"}],"wp:attachment":[{"href":"https:\/\/archive.sana.sy\/tr\/index.php?rest_route=%2Fwp%2Fv2%2Fmedia&parent=323992"}],"wp:term":[{"taxonomy":"category","embeddable":true,"href":"https:\/\/archive.sana.sy\/tr\/index.php?rest_route=%2Fwp%2Fv2%2Fcategories&post=323992"},{"taxonomy":"post_tag","embeddable":true,"href":"https:\/\/archive.sana.sy\/tr\/index.php?rest_route=%2Fwp%2Fv2%2Ftags&post=323992"}],"curies":[{"name":"wp","href":"https:\/\/api.w.org\/{rel}","templated":true}]}}