{"id":3240,"date":"2014-06-16T09:30:03","date_gmt":"2014-06-16T06:30:03","guid":{"rendered":"http:\/\/sanasyria.org\/tr\/?p=3240"},"modified":"2014-06-19T13:01:06","modified_gmt":"2014-06-19T10:01:06","slug":"savunduklari-ilkelerinde-ne-derecede-sahtekar-olduklarini-kanitladi","status":"publish","type":"post","link":"https:\/\/archive.sana.sy\/tr\/?p=3240","title":{"rendered":"Savunduklar\u0131 \u0130lkelerinde Ne Derecede Sahtekar Olduklar\u0131n\u0131 Kan\u0131tlad\u0131"},"content":{"rendered":"<p><span style=\"color: #800000\">\u015eAM \u2013<\/span> D\u0131\u015fi\u015fleri ve Gurbet\u00e7iler Bakan\u0131 Yard\u0131mc\u0131s\u0131 Hamit Hasan; gurbette ya\u015fayan Suriyelilerin anavatanlar\u0131n\u0131n maruz kald\u0131\u011f\u0131 d\u0131\u015f plan ve \u00e7okuluslu ter\u00f6re kar\u015f\u0131 m\u00fccadelesinde \u00fcstlerine d\u00fc\u015fen rol\u00fcn \u00f6nemine vurgu yapt\u0131.<\/p>\n<p>Polonya, Macaristan ve \u00c7ek Cumhuriyetinden gurbet\u00e7iler heyeti ile bug\u00fcn bir araya gelen Hasan; d\u00fcnyan\u0131n muhtelif devletlerinde ya\u015fayan Suriyelilerin gerek bulunduklar\u0131 \u00fclkelerde gerekse anavatana gelerek cumhurba\u015fkan\u0131 se\u00e7imlerine yo\u011fun kat\u0131l\u0131mlar\u0131yla anavatanlar\u0131na duyduklar\u0131 vefa ve ba\u011fl\u0131l\u0131\u011f\u0131n derinli\u011fini g\u00f6sterdiklerine dikkat \u00e7ekti.<\/p>\n<p>Gurbet\u00e7iler heyeti ba\u015fkan\u0131 Dr \u0130hsan Bereke; cumhurba\u015fkan\u0131 se\u00e7imlerini Be\u015f\u015far el Esad\u2019\u0131n kazanmas\u0131yla Suriyelilerin yurti\u00e7inde ve yurtd\u0131\u015f\u0131nda muhtelif kesimleri ve bile\u015fenleriyle ter\u00f6re kar\u015f\u0131 sava\u015f\u0131 s\u00fcrd\u00fcrmekle birlikte Suriye&#8217;yi yeniden yap\u0131land\u0131r\u0131p daha iyi bir gelece\u011fe ta\u015f\u0131ma azim ve kararl\u0131l\u0131klar\u0131n\u0131 yans\u0131tt\u0131\u011f\u0131n\u0131 s\u00f6yledi.<\/p>\n<p>Heyet \u00fcyeleri se\u00e7imlerin Suriye ve halk\u0131n\u0131n d\u00fc\u015fmanlar\u0131na sille tokat niteli\u011finde say\u0131ld\u0131\u011f\u0131n\u0131 ifade ederek, demokrasi, insan haklar\u0131 ve \u00f6zg\u00fcrl\u00fck iddialar\u0131n\u0131n ne derecede sahte oldu\u011funu de\u015fifre etti\u011fine dikkat \u00e7ektiler.<\/p>\n","protected":false},"excerpt":{"rendered":"<p>\u015eAM \u2013 D\u0131\u015fi\u015fleri ve Gurbet\u00e7iler Bakan\u0131 Yard\u0131mc\u0131s\u0131 Hamit Hasan; gurbette ya\u015fayan Suriyelilerin anavatanlar\u0131n\u0131n maruz kald\u0131\u011f\u0131 d\u0131\u015f plan ve \u00e7okuluslu ter\u00f6re kar\u015f\u0131 m\u00fccadelesinde \u00fcstlerine d\u00fc\u015fen rol\u00fcn \u00f6nemine vurgu yapt\u0131. Polonya, Macaristan ve \u00c7ek Cumhuriyetinden gurbet\u00e7iler heyeti ile bug\u00fcn bir araya gelen Hasan; d\u00fcnyan\u0131n muhtelif devletlerinde ya\u015fayan Suriyelilerin gerek bulunduklar\u0131 \u00fclkelerde gerekse anavatana gelerek cumhurba\u015fkan\u0131 se\u00e7imlerine yo\u011fun &hellip;<\/p>\n","protected":false},"author":1,"featured_media":3241,"comment_status":"closed","ping_status":"closed","sticky":false,"template":"","format":"standard","meta":{"footnotes":""},"categories":[479,478],"tags":[714],"class_list":["post-3240","post","type-post","status-publish","format-standard","has-post-thumbnail","","category-haberler-yerel","category-yerel","tag-savunduklari-ilkelerinde-ne-derecede-sahtekar-olduklarini-kanitladi"],"_links":{"self":[{"href":"https:\/\/archive.sana.sy\/tr\/index.php?rest_route=\/wp\/v2\/posts\/3240","targetHints":{"allow":["GET"]}}],"collection":[{"href":"https:\/\/archive.sana.sy\/tr\/index.php?rest_route=\/wp\/v2\/posts"}],"about":[{"href":"https:\/\/archive.sana.sy\/tr\/index.php?rest_route=\/wp\/v2\/types\/post"}],"author":[{"embeddable":true,"href":"https:\/\/archive.sana.sy\/tr\/index.php?rest_route=\/wp\/v2\/users\/1"}],"replies":[{"embeddable":true,"href":"https:\/\/archive.sana.sy\/tr\/index.php?rest_route=%2Fwp%2Fv2%2Fcomments&post=3240"}],"version-history":[{"count":0,"href":"https:\/\/archive.sana.sy\/tr\/index.php?rest_route=\/wp\/v2\/posts\/3240\/revisions"}],"wp:featuredmedia":[{"embeddable":true,"href":"https:\/\/archive.sana.sy\/tr\/index.php?rest_route=\/wp\/v2\/media\/3241"}],"wp:attachment":[{"href":"https:\/\/archive.sana.sy\/tr\/index.php?rest_route=%2Fwp%2Fv2%2Fmedia&parent=3240"}],"wp:term":[{"taxonomy":"category","embeddable":true,"href":"https:\/\/archive.sana.sy\/tr\/index.php?rest_route=%2Fwp%2Fv2%2Fcategories&post=3240"},{"taxonomy":"post_tag","embeddable":true,"href":"https:\/\/archive.sana.sy\/tr\/index.php?rest_route=%2Fwp%2Fv2%2Ftags&post=3240"}],"curies":[{"name":"wp","href":"https:\/\/api.w.org\/{rel}","templated":true}]}}