{"id":324000,"date":"2025-06-27T07:50:55","date_gmt":"2025-06-27T04:50:55","guid":{"rendered":"https:\/\/sana.sy\/tr\/?p=324000"},"modified":"2025-06-27T12:33:05","modified_gmt":"2025-06-27T09:33:05","slug":"israilin-gazzeye-saldirisi-sonucu-69-sehit","status":"publish","type":"post","link":"https:\/\/archive.sana.sy\/tr\/?p=324000","title":{"rendered":"\u0130srail&#8217;in Gazze&#8217;ye Sald\u0131r\u0131s\u0131 Sonucu 69 \u015eehit"},"content":{"rendered":"<p style=\"text-align: justify;\"><span style=\"color: #800000;\"><strong>\u0130\u015eGAL ED\u0130LEN KUD\u00dcS (SANA) \u2013 <\/strong><\/span>\u0130srail&#8217;in Gazze \u015eeridi&#8217;ndeki bir\u00e7ok b\u00f6lgeye d\u00fczenledi\u011fi hava sald\u0131r\u0131lar\u0131 sonucu bug\u00fcn 69 Filistinli \u015fehit oldu ve onlarca ki\u015fi yaraland\u0131.<\/p>\n<p style=\"text-align: justify;\">Filistin Haber Ajans\u0131 (WAFA), Gazze \u015eehri&#8217;ndeki El Tuffah, \u015eeyh R\u0131dvan ve El Zeytun mahallelerinin yan\u0131 s\u0131ra, Nuseyrat m\u00fclteci kamp\u0131, Gazze Vadisi ve Gazze \u015eeridi&#8217;nin orta kesimindeki Deyr El Belah kentini, g\u00fcneydeki Han Yunus ve Refah kentlerini ve kuzeydeki Cubeliye kamp\u0131n\u0131 hedef alan bombard\u0131manda, \u00e7o\u011funlu\u011fu kad\u0131n ve \u00e7ocuk olmak \u00fczere \u00e7ok say\u0131da \u015fehit ve yaral\u0131n\u0131n oldu\u011fu bildirildi.<\/p>\n","protected":false},"excerpt":{"rendered":"<p>\u0130\u015eGAL ED\u0130LEN KUD\u00dcS (SANA) \u2013 \u0130srail&#8217;in Gazze \u015eeridi&#8217;ndeki bir\u00e7ok b\u00f6lgeye d\u00fczenledi\u011fi hava sald\u0131r\u0131lar\u0131 sonucu bug\u00fcn 69 Filistinli \u015fehit oldu ve onlarca ki\u015fi yaraland\u0131. Filistin Haber Ajans\u0131 (WAFA), Gazze \u015eehri&#8217;ndeki El Tuffah, \u015eeyh R\u0131dvan ve El Zeytun mahallelerinin yan\u0131 s\u0131ra, Nuseyrat m\u00fclteci kamp\u0131, Gazze Vadisi ve Gazze \u015eeridi&#8217;nin orta kesimindeki Deyr El Belah kentini, g\u00fcneydeki Han &hellip;<\/p>\n","protected":false},"author":44,"featured_media":324001,"comment_status":"closed","ping_status":"closed","sticky":false,"template":"","format":"standard","meta":{"footnotes":""},"categories":[458,589,459,17988],"tags":[43959],"class_list":["post-324000","post","type-post","status-publish","format-standard","has-post-thumbnail","","category-dunya1","category-haber-seridi","category-haberler-arap-uluslararasi-politika","category-son-haberler","tag-israilin-gazzeye-saldirisi-sonucu-69-sehit"],"_links":{"self":[{"href":"https:\/\/archive.sana.sy\/tr\/index.php?rest_route=\/wp\/v2\/posts\/324000","targetHints":{"allow":["GET"]}}],"collection":[{"href":"https:\/\/archive.sana.sy\/tr\/index.php?rest_route=\/wp\/v2\/posts"}],"about":[{"href":"https:\/\/archive.sana.sy\/tr\/index.php?rest_route=\/wp\/v2\/types\/post"}],"author":[{"embeddable":true,"href":"https:\/\/archive.sana.sy\/tr\/index.php?rest_route=\/wp\/v2\/users\/44"}],"replies":[{"embeddable":true,"href":"https:\/\/archive.sana.sy\/tr\/index.php?rest_route=%2Fwp%2Fv2%2Fcomments&post=324000"}],"version-history":[{"count":1,"href":"https:\/\/archive.sana.sy\/tr\/index.php?rest_route=\/wp\/v2\/posts\/324000\/revisions"}],"predecessor-version":[{"id":324002,"href":"https:\/\/archive.sana.sy\/tr\/index.php?rest_route=\/wp\/v2\/posts\/324000\/revisions\/324002"}],"wp:featuredmedia":[{"embeddable":true,"href":"https:\/\/archive.sana.sy\/tr\/index.php?rest_route=\/wp\/v2\/media\/324001"}],"wp:attachment":[{"href":"https:\/\/archive.sana.sy\/tr\/index.php?rest_route=%2Fwp%2Fv2%2Fmedia&parent=324000"}],"wp:term":[{"taxonomy":"category","embeddable":true,"href":"https:\/\/archive.sana.sy\/tr\/index.php?rest_route=%2Fwp%2Fv2%2Fcategories&post=324000"},{"taxonomy":"post_tag","embeddable":true,"href":"https:\/\/archive.sana.sy\/tr\/index.php?rest_route=%2Fwp%2Fv2%2Ftags&post=324000"}],"curies":[{"name":"wp","href":"https:\/\/api.w.org\/{rel}","templated":true}]}}