{"id":324003,"date":"2025-06-27T12:39:11","date_gmt":"2025-06-27T09:39:11","guid":{"rendered":"https:\/\/sana.sy\/tr\/?p=324003"},"modified":"2025-06-27T12:39:11","modified_gmt":"2025-06-27T09:39:11","slug":"suriye-brezilya-tarim-alaninda-isbirligi-gorusmeleri-duzenlendi","status":"publish","type":"post","link":"https:\/\/archive.sana.sy\/tr\/?p=324003","title":{"rendered":"Suriye-Brezilya Tar\u0131m Alan\u0131nda \u0130\u015fbirli\u011fi G\u00f6r\u00fc\u015fmeleri D\u00fczenlendi"},"content":{"rendered":"<p style=\"text-align: justify;\"><span style=\"color: #800000;\"><strong>\u015eAM (SANA) &#8211;<\/strong> <\/span>Tar\u0131m ve Tar\u0131m Reformu Bakan\u0131 Emced Bedir, Brezilya&#8217;n\u0131n \u015eam Maslahatg\u00fczar\u0131 Jo\u00e3o Zanibe ile Suriye ve Brezilya aras\u0131ndaki tar\u0131msal i\u015f birli\u011finin geli\u015ftirilmesi ve geni\u015fletilmesi yollar\u0131, tar\u0131m \u00fcr\u00fcnlerinin ihracat mekanizmalar\u0131 ve mevcut yat\u0131r\u0131m f\u0131rsatlar\u0131 hakk\u0131nda g\u00f6r\u00fc\u015ft\u00fc.<\/p>\n<p style=\"text-align: justify;\">Bakanl\u0131k merkezinde d\u00fczenlenen g\u00f6r\u00fc\u015fmede, \u00f6zellikle hayvanc\u0131l\u0131k, et ihracat\u0131 ve yem \u00fcretimi alanlar\u0131nda mevcut yat\u0131r\u0131m f\u0131rsatlar\u0131 ele al\u0131nd\u0131. Ayr\u0131ca, her iki \u00fclkedeki yat\u0131r\u0131mc\u0131lar aras\u0131nda uzmanl\u0131k al\u0131\u015fveri\u015fi ve ileti\u015fim kurma mekanizmalar\u0131 ve onlara gerekli olanaklar\u0131n sa\u011flanmas\u0131 masaya yat\u0131r\u0131ld\u0131.<\/p>\n","protected":false},"excerpt":{"rendered":"<p>\u015eAM (SANA) &#8211; Tar\u0131m ve Tar\u0131m Reformu Bakan\u0131 Emced Bedir, Brezilya&#8217;n\u0131n \u015eam Maslahatg\u00fczar\u0131 Jo\u00e3o Zanibe ile Suriye ve Brezilya aras\u0131ndaki tar\u0131msal i\u015f birli\u011finin geli\u015ftirilmesi ve geni\u015fletilmesi yollar\u0131, tar\u0131m \u00fcr\u00fcnlerinin ihracat mekanizmalar\u0131 ve mevcut yat\u0131r\u0131m f\u0131rsatlar\u0131 hakk\u0131nda g\u00f6r\u00fc\u015ft\u00fc. Bakanl\u0131k merkezinde d\u00fczenlenen g\u00f6r\u00fc\u015fmede, \u00f6zellikle hayvanc\u0131l\u0131k, et ihracat\u0131 ve yem \u00fcretimi alanlar\u0131nda mevcut yat\u0131r\u0131m f\u0131rsatlar\u0131 ele al\u0131nd\u0131. Ayr\u0131ca, &hellip;<\/p>\n","protected":false},"author":44,"featured_media":324004,"comment_status":"closed","ping_status":"closed","sticky":false,"template":"","format":"standard","meta":{"footnotes":""},"categories":[589,479,17988,478],"tags":[43960],"class_list":["post-324003","post","type-post","status-publish","format-standard","has-post-thumbnail","","category-haber-seridi","category-haberler-yerel","category-son-haberler","category-yerel","tag-suriye-brezilya-tarim-alaninda-isbirligi-gorusmeleri-duzenlendi"],"_links":{"self":[{"href":"https:\/\/archive.sana.sy\/tr\/index.php?rest_route=\/wp\/v2\/posts\/324003","targetHints":{"allow":["GET"]}}],"collection":[{"href":"https:\/\/archive.sana.sy\/tr\/index.php?rest_route=\/wp\/v2\/posts"}],"about":[{"href":"https:\/\/archive.sana.sy\/tr\/index.php?rest_route=\/wp\/v2\/types\/post"}],"author":[{"embeddable":true,"href":"https:\/\/archive.sana.sy\/tr\/index.php?rest_route=\/wp\/v2\/users\/44"}],"replies":[{"embeddable":true,"href":"https:\/\/archive.sana.sy\/tr\/index.php?rest_route=%2Fwp%2Fv2%2Fcomments&post=324003"}],"version-history":[{"count":1,"href":"https:\/\/archive.sana.sy\/tr\/index.php?rest_route=\/wp\/v2\/posts\/324003\/revisions"}],"predecessor-version":[{"id":324005,"href":"https:\/\/archive.sana.sy\/tr\/index.php?rest_route=\/wp\/v2\/posts\/324003\/revisions\/324005"}],"wp:featuredmedia":[{"embeddable":true,"href":"https:\/\/archive.sana.sy\/tr\/index.php?rest_route=\/wp\/v2\/media\/324004"}],"wp:attachment":[{"href":"https:\/\/archive.sana.sy\/tr\/index.php?rest_route=%2Fwp%2Fv2%2Fmedia&parent=324003"}],"wp:term":[{"taxonomy":"category","embeddable":true,"href":"https:\/\/archive.sana.sy\/tr\/index.php?rest_route=%2Fwp%2Fv2%2Fcategories&post=324003"},{"taxonomy":"post_tag","embeddable":true,"href":"https:\/\/archive.sana.sy\/tr\/index.php?rest_route=%2Fwp%2Fv2%2Ftags&post=324003"}],"curies":[{"name":"wp","href":"https:\/\/api.w.org\/{rel}","templated":true}]}}