{"id":324025,"date":"2025-06-28T09:00:40","date_gmt":"2025-06-28T06:00:40","guid":{"rendered":"https:\/\/sana.sy\/tr\/?p=324025"},"modified":"2025-06-28T09:29:29","modified_gmt":"2025-06-28T06:29:29","slug":"suriye-istanbulda-duzenlenen-kuresel-ulastirma-koridorlari-forumu-2025e-katildi","status":"publish","type":"post","link":"https:\/\/archive.sana.sy\/tr\/?p=324025","title":{"rendered":"Suriye, \u0130stanbul&#8217;da D\u00fczenlenen K\u00fcresel Ula\u015ft\u0131rma Koridorlar\u0131 Forumu 2025&#8217;e Kat\u0131ld\u0131"},"content":{"rendered":"<p style=\"text-align: justify;\"><span style=\"color: #800000;\"><strong>\u0130STANBUL (SANA)<\/strong> &#8211;<\/span> Suriye Kara ve Deniz Limanlar\u0131 Genel Otoritesi, bug\u00fcn T\u00fcrkiye Cumhurba\u015fkan\u0131 Recep Tayyip Erdo\u011fan&#8217;\u0131n himayesinde ve D\u00fcnya Bankas\u0131&#8217;n\u0131n deste\u011fiyle \u0130stanbul&#8217;da d\u00fczenlenen K\u00fcresel Ula\u015ft\u0131rma Koridorlar\u0131 Forumu 2025&#8217;e kat\u0131ld\u0131.<\/p>\n<p style=\"text-align: justify;\">Otoritenin kat\u0131l\u0131m\u0131, ula\u015ft\u0131rma sekt\u00f6r\u00fcn\u00fcn, \u00f6zellikle hayati \u00f6nem ta\u015f\u0131yan deniz yollar\u0131n\u0131n kar\u015f\u0131 kar\u015f\u0131ya oldu\u011fu jeopolitik ve \u00e7evresel d\u00f6n\u00fc\u015f\u00fcmleri ve b\u00f6lgesel ve uluslararas\u0131 i\u015f birli\u011fini geli\u015ftirmek i\u00e7in mevcut f\u0131rsatlar\u0131 ele alan &#8220;K\u00fcresel Ba\u011flant\u0131ya Y\u00f6nelik Ortaya \u00c7\u0131kan Zorluklar&#8221; ba\u015fl\u0131kl\u0131 \u00fcst d\u00fczey stratejik oturum kapsam\u0131nda ger\u00e7ekle\u015fti.<\/p>\n<p style=\"text-align: justify;\">D\u0131\u015fi\u015fleri Kara ve Deniz Limanlar\u0131 Genel Otoritesi Ba\u015fkan Yard\u0131mc\u0131s\u0131 Kuteyba Naci, Suriye&#8217;nin konu\u015fmas\u0131n\u0131 h\u00fck\u00fcmet, uluslararas\u0131 \u00f6rg\u00fct ve \u00f6zel sekt\u00f6r temsilcilerine yapt\u0131. Suriye&#8217;nin on d\u00f6rt y\u0131ll\u0131k sava\u015f ve yapt\u0131r\u0131mlardan sonra tan\u0131k oldu\u011fu d\u00f6n\u00fc\u015f\u00fcmleri g\u00f6zden ge\u00e7irdi.<\/p>\n<p style=\"text-align: justify;\">Naci, Suriye&#8217;nin art\u0131k bir y\u00fck olmad\u0131\u011f\u0131n\u0131, aksine Asya, Avrupa ve Afrika aras\u0131nda bir ba\u011flant\u0131 olarak stratejik bir f\u0131rsat oldu\u011funu ve Akdeniz k\u0131y\u0131lar\u0131nda e\u015fsiz bir co\u011frafi konuma sahip oldu\u011funu vurgulad\u0131.<\/p>\n<p style=\"text-align: justify;\">Naci ayr\u0131ca, Suriye&#8217;nin uluslararas\u0131 deniz yollar\u0131na yeniden ba\u011flanmas\u0131n\u0131n, k\u00fcresel tedarik zincirlerinin g\u00fcvenli\u011fine ve sorunsuz i\u015fleyi\u015fine y\u00f6nelik artan tehditler \u0131\u015f\u0131\u011f\u0131nda acil bir gereklilik haline geldi\u011fini vurgulad\u0131.<\/p>\n","protected":false},"excerpt":{"rendered":"<p>\u0130STANBUL (SANA) &#8211; Suriye Kara ve Deniz Limanlar\u0131 Genel Otoritesi, bug\u00fcn T\u00fcrkiye Cumhurba\u015fkan\u0131 Recep Tayyip Erdo\u011fan&#8217;\u0131n himayesinde ve D\u00fcnya Bankas\u0131&#8217;n\u0131n deste\u011fiyle \u0130stanbul&#8217;da d\u00fczenlenen K\u00fcresel Ula\u015ft\u0131rma Koridorlar\u0131 Forumu 2025&#8217;e kat\u0131ld\u0131. Otoritenin kat\u0131l\u0131m\u0131, ula\u015ft\u0131rma sekt\u00f6r\u00fcn\u00fcn, \u00f6zellikle hayati \u00f6nem ta\u015f\u0131yan deniz yollar\u0131n\u0131n kar\u015f\u0131 kar\u015f\u0131ya oldu\u011fu jeopolitik ve \u00e7evresel d\u00f6n\u00fc\u015f\u00fcmleri ve b\u00f6lgesel ve uluslararas\u0131 i\u015f birli\u011fini geli\u015ftirmek i\u00e7in mevcut &hellip;<\/p>\n","protected":false},"author":44,"featured_media":324026,"comment_status":"closed","ping_status":"closed","sticky":false,"template":"","format":"standard","meta":{"footnotes":""},"categories":[458,589,459,17988,2554,2555],"tags":[43962,16591],"class_list":["post-324025","post","type-post","status-publish","format-standard","has-post-thumbnail","","category-dunya1","category-haber-seridi","category-haberler-arap-uluslararasi-politika","category-son-haberler","category-suriye-ve-dunya","category-suriye-ve-turkiye","tag-istanbulda-duzenlenen-kuresel-ulastirma-koridorlari-forumu-2025e-katildi","tag-suriye"],"_links":{"self":[{"href":"https:\/\/archive.sana.sy\/tr\/index.php?rest_route=\/wp\/v2\/posts\/324025","targetHints":{"allow":["GET"]}}],"collection":[{"href":"https:\/\/archive.sana.sy\/tr\/index.php?rest_route=\/wp\/v2\/posts"}],"about":[{"href":"https:\/\/archive.sana.sy\/tr\/index.php?rest_route=\/wp\/v2\/types\/post"}],"author":[{"embeddable":true,"href":"https:\/\/archive.sana.sy\/tr\/index.php?rest_route=\/wp\/v2\/users\/44"}],"replies":[{"embeddable":true,"href":"https:\/\/archive.sana.sy\/tr\/index.php?rest_route=%2Fwp%2Fv2%2Fcomments&post=324025"}],"version-history":[{"count":1,"href":"https:\/\/archive.sana.sy\/tr\/index.php?rest_route=\/wp\/v2\/posts\/324025\/revisions"}],"predecessor-version":[{"id":324027,"href":"https:\/\/archive.sana.sy\/tr\/index.php?rest_route=\/wp\/v2\/posts\/324025\/revisions\/324027"}],"wp:featuredmedia":[{"embeddable":true,"href":"https:\/\/archive.sana.sy\/tr\/index.php?rest_route=\/wp\/v2\/media\/324026"}],"wp:attachment":[{"href":"https:\/\/archive.sana.sy\/tr\/index.php?rest_route=%2Fwp%2Fv2%2Fmedia&parent=324025"}],"wp:term":[{"taxonomy":"category","embeddable":true,"href":"https:\/\/archive.sana.sy\/tr\/index.php?rest_route=%2Fwp%2Fv2%2Fcategories&post=324025"},{"taxonomy":"post_tag","embeddable":true,"href":"https:\/\/archive.sana.sy\/tr\/index.php?rest_route=%2Fwp%2Fv2%2Ftags&post=324025"}],"curies":[{"name":"wp","href":"https:\/\/api.w.org\/{rel}","templated":true}]}}