{"id":324031,"date":"2025-06-28T09:35:35","date_gmt":"2025-06-28T06:35:35","guid":{"rendered":"https:\/\/sana.sy\/tr\/?p=324031"},"modified":"2025-06-28T09:36:44","modified_gmt":"2025-06-28T06:36:44","slug":"suriye-sivil-havacilik-otoritesi-baskani-yeni-havaalanlari-insa-etmeyi-planliyoruz","status":"publish","type":"post","link":"https:\/\/archive.sana.sy\/tr\/?p=324031","title":{"rendered":"Suriye Sivil Havac\u0131l\u0131k Otoritesi Ba\u015fkan\u0131: Yeni havaalanlar\u0131 \u0130n\u015fa Etmeyi Planl\u0131yoruz"},"content":{"rendered":"<p style=\"text-align: justify;\"><strong><span style=\"color: #800000;\">\u015eAM (SANA) &#8211;\u00a0<\/span><\/strong> Suriye Sivil Havac\u0131l\u0131k Otoritesi Ba\u015fkan\u0131 E\u015fhad Salibi, h\u00fck\u00fcmetin yeni havaalanlar\u0131 in\u015fa etmeyi planlad\u0131\u011f\u0131n\u0131 duyurdu ve sivil havac\u0131l\u0131k sekt\u00f6r\u00fcndeki yeni zorluklarla ba\u015fa \u00e7\u0131kman\u0131n havaalanlar\u0131 geli\u015ftirmeyi ve bunlar\u0131 ileri teknoloji ile donatmay\u0131 gerektirdi\u011fini vurgulad\u0131.<\/p>\n<p style=\"text-align: justify;\">Bug\u00fcn Suriye Haber Kanal\u0131&#8217;na verdi\u011fi r\u00f6portajda Salibi, \u015eam&#8217;da yeni bir havaliman\u0131 in\u015fa etmek i\u00e7in ciddi bir \u00e7al\u0131\u015fma y\u00fcr\u00fct\u00fcld\u00fc\u011f\u00fcn\u00fc ve mevcut havaliman\u0131n\u0131n m\u00fchendislik a\u00e7\u0131s\u0131ndan geni\u015fletilemeyece\u011fi i\u00e7in Halep&#8217;te yeni bir havaliman\u0131 in\u015fa etme projesi oldu\u011funu belirtti.<\/p>\n<p style=\"text-align: justify;\">Suriye Sivil Havac\u0131l\u0131k Otoritesi Ba\u015fkan\u0131, Suriye Havayollar\u0131&#8217;n\u0131n kurtulu\u015f s\u0131ras\u0131nda sadece iki u\u00e7a\u011f\u0131 oldu\u011funu ve operasyonel kapasitesinin azalmas\u0131 nedeniyle tamamen kapanman\u0131n e\u015fi\u011finde oldu\u011funu a\u00e7\u0131klarken, &#8221;\u015eu anki filo sadece \u00fc\u00e7 u\u00e7aktan olu\u015fuyor ve bu da \u015firketin u\u00e7u\u015f noktalar\u0131n\u0131 geni\u015fletmesini engelliyor. Bu nedenle \u015firket h\u0131zl\u0131 bir \u00e7\u00f6z\u00fcm olarak ek bir u\u00e7ak kiralad\u0131 ve \u015fu anda a\u00e7\u0131\u011f\u0131 telafi etmek i\u00e7in daha fazla u\u00e7ak kiralamak i\u00e7in \u00e7al\u0131\u015f\u0131yor&#8221; ifadelerini kulland\u0131.<\/p>\n<p style=\"text-align: justify;\">Salibi a\u00e7\u0131klamas\u0131nda da, Avrupa havalimanlar\u0131na u\u00e7u\u015flar\u0131n yeniden ba\u015flamas\u0131n\u0131n teknik ve operasyonel d\u00fczenlemeler gerektirdi\u011fini ve bunun aylar s\u00fcrebilece\u011fini belirterek, yapt\u0131r\u0131mlar\u0131n kald\u0131r\u0131lmas\u0131 karar\u0131n\u0131n gerekli y\u00fcr\u00fctme kararlar\u0131n\u0131n olmamas\u0131 nedeniyle \u015fu anda tam olarak uygulanmad\u0131\u011f\u0131n\u0131 vurgulad\u0131.<\/p>\n<p style=\"text-align: justify;\">SDG&#8217;nin Kam\u0131\u015fl\u0131 Havaalan\u0131&#8217;n\u0131 i\u015fletece\u011fini ve y\u00f6netece\u011fini a\u00e7\u0131klamas\u0131na ili\u015fkin Salibi, &#8220;Havaalan\u0131 resmi onay olmadan tek tarafl\u0131 olarak i\u015fletilemez ve hi\u00e7bir yerel veya uluslararas\u0131 havayolunun Sivil Havac\u0131l\u0131k Genel Otoritesi ile do\u011frudan koordinasyon olmadan havaalan\u0131na inme hakk\u0131 yoktur&#8221; dedi.<\/p>\n","protected":false},"excerpt":{"rendered":"<p>\u015eAM (SANA) &#8211;\u00a0 Suriye Sivil Havac\u0131l\u0131k Otoritesi Ba\u015fkan\u0131 E\u015fhad Salibi, h\u00fck\u00fcmetin yeni havaalanlar\u0131 in\u015fa etmeyi planlad\u0131\u011f\u0131n\u0131 duyurdu ve sivil havac\u0131l\u0131k sekt\u00f6r\u00fcndeki yeni zorluklarla ba\u015fa \u00e7\u0131kman\u0131n havaalanlar\u0131 geli\u015ftirmeyi ve bunlar\u0131 ileri teknoloji ile donatmay\u0131 gerektirdi\u011fini vurgulad\u0131. Bug\u00fcn Suriye Haber Kanal\u0131&#8217;na verdi\u011fi r\u00f6portajda Salibi, \u015eam&#8217;da yeni bir havaliman\u0131 in\u015fa etmek i\u00e7in ciddi bir \u00e7al\u0131\u015fma y\u00fcr\u00fct\u00fcld\u00fc\u011f\u00fcn\u00fc ve mevcut &hellip;<\/p>\n","protected":false},"author":44,"featured_media":324032,"comment_status":"closed","ping_status":"closed","sticky":false,"template":"","format":"standard","meta":{"footnotes":""},"categories":[589,479,17988,478],"tags":[43964],"class_list":["post-324031","post","type-post","status-publish","format-standard","has-post-thumbnail","","category-haber-seridi","category-haberler-yerel","category-son-haberler","category-yerel","tag-suriye-sivil-havacilik-otoritesi-baskani-yeni-havaalanlari-insa-etmeyi-planliyoruz"],"_links":{"self":[{"href":"https:\/\/archive.sana.sy\/tr\/index.php?rest_route=\/wp\/v2\/posts\/324031","targetHints":{"allow":["GET"]}}],"collection":[{"href":"https:\/\/archive.sana.sy\/tr\/index.php?rest_route=\/wp\/v2\/posts"}],"about":[{"href":"https:\/\/archive.sana.sy\/tr\/index.php?rest_route=\/wp\/v2\/types\/post"}],"author":[{"embeddable":true,"href":"https:\/\/archive.sana.sy\/tr\/index.php?rest_route=\/wp\/v2\/users\/44"}],"replies":[{"embeddable":true,"href":"https:\/\/archive.sana.sy\/tr\/index.php?rest_route=%2Fwp%2Fv2%2Fcomments&post=324031"}],"version-history":[{"count":1,"href":"https:\/\/archive.sana.sy\/tr\/index.php?rest_route=\/wp\/v2\/posts\/324031\/revisions"}],"predecessor-version":[{"id":324033,"href":"https:\/\/archive.sana.sy\/tr\/index.php?rest_route=\/wp\/v2\/posts\/324031\/revisions\/324033"}],"wp:featuredmedia":[{"embeddable":true,"href":"https:\/\/archive.sana.sy\/tr\/index.php?rest_route=\/wp\/v2\/media\/324032"}],"wp:attachment":[{"href":"https:\/\/archive.sana.sy\/tr\/index.php?rest_route=%2Fwp%2Fv2%2Fmedia&parent=324031"}],"wp:term":[{"taxonomy":"category","embeddable":true,"href":"https:\/\/archive.sana.sy\/tr\/index.php?rest_route=%2Fwp%2Fv2%2Fcategories&post=324031"},{"taxonomy":"post_tag","embeddable":true,"href":"https:\/\/archive.sana.sy\/tr\/index.php?rest_route=%2Fwp%2Fv2%2Ftags&post=324031"}],"curies":[{"name":"wp","href":"https:\/\/api.w.org\/{rel}","templated":true}]}}