{"id":324047,"date":"2025-06-28T10:54:56","date_gmt":"2025-06-28T07:54:56","guid":{"rendered":"https:\/\/sana.sy\/tr\/?p=324047"},"modified":"2025-06-28T14:56:13","modified_gmt":"2025-06-28T11:56:13","slug":"filipinlerde-69-buyuklugunde-deprem","status":"publish","type":"post","link":"https:\/\/archive.sana.sy\/tr\/?p=324047","title":{"rendered":"Filipinler&#8217;de 6,9 B\u00fcy\u00fckl\u00fc\u011f\u00fcnde Deprem"},"content":{"rendered":"<p style=\"text-align: justify;\"><span style=\"color: #ff0000;\"><strong>MAN\u0130LA (SANA)<\/strong> <\/span>&#8211; \u00a0Bug\u00fcn g\u00fcneybat\u0131 Filipinler&#8217;deki Sarangani eyaletinin a\u00e7\u0131klar\u0131nda 6,9 b\u00fcy\u00fckl\u00fc\u011f\u00fcnde bir deprem meydana geldi.<\/p>\n<p style=\"text-align: justify;\">Filipin Volkanoloji ve Sismoloji Enstit\u00fcs\u00fc, Filipin Haber Ajans\u0131 taraf\u0131ndan yay\u0131nlanan bir bildiride \u015funlar\u0131 s\u00f6yledi: \u2018\u2019Deprem 10 kilometre derinlikte meydana geldi ve Sarangani&#8217;nin 98 kilometre do\u011fusunda merkezlendi. Tsunami uyar\u0131s\u0131 yap\u0131lmad\u0131.\u2019\u2019<\/p>\n<p style=\"text-align: justify;\">Depremden kaynaklanan can kayb\u0131 veya hasar bildirilmedi.<\/p>\n","protected":false},"excerpt":{"rendered":"<p>MAN\u0130LA (SANA) &#8211; \u00a0Bug\u00fcn g\u00fcneybat\u0131 Filipinler&#8217;deki Sarangani eyaletinin a\u00e7\u0131klar\u0131nda 6,9 b\u00fcy\u00fckl\u00fc\u011f\u00fcnde bir deprem meydana geldi. Filipin Volkanoloji ve Sismoloji Enstit\u00fcs\u00fc, Filipin Haber Ajans\u0131 taraf\u0131ndan yay\u0131nlanan bir bildiride \u015funlar\u0131 s\u00f6yledi: \u2018\u2019Deprem 10 kilometre derinlikte meydana geldi ve Sarangani&#8217;nin 98 kilometre do\u011fusunda merkezlendi. Tsunami uyar\u0131s\u0131 yap\u0131lmad\u0131.\u2019\u2019 Depremden kaynaklanan can kayb\u0131 veya hasar bildirilmedi.<\/p>\n","protected":false},"author":44,"featured_media":324048,"comment_status":"closed","ping_status":"closed","sticky":false,"template":"","format":"standard","meta":{"footnotes":""},"categories":[458,589,459,17988],"tags":[43972,43971],"class_list":["post-324047","post","type-post","status-publish","format-standard","has-post-thumbnail","","category-dunya1","category-haber-seridi","category-haberler-arap-uluslararasi-politika","category-son-haberler","tag-9-buyuklugunde-deprem","tag-filipinlerde-6"],"_links":{"self":[{"href":"https:\/\/archive.sana.sy\/tr\/index.php?rest_route=\/wp\/v2\/posts\/324047","targetHints":{"allow":["GET"]}}],"collection":[{"href":"https:\/\/archive.sana.sy\/tr\/index.php?rest_route=\/wp\/v2\/posts"}],"about":[{"href":"https:\/\/archive.sana.sy\/tr\/index.php?rest_route=\/wp\/v2\/types\/post"}],"author":[{"embeddable":true,"href":"https:\/\/archive.sana.sy\/tr\/index.php?rest_route=\/wp\/v2\/users\/44"}],"replies":[{"embeddable":true,"href":"https:\/\/archive.sana.sy\/tr\/index.php?rest_route=%2Fwp%2Fv2%2Fcomments&post=324047"}],"version-history":[{"count":1,"href":"https:\/\/archive.sana.sy\/tr\/index.php?rest_route=\/wp\/v2\/posts\/324047\/revisions"}],"predecessor-version":[{"id":324049,"href":"https:\/\/archive.sana.sy\/tr\/index.php?rest_route=\/wp\/v2\/posts\/324047\/revisions\/324049"}],"wp:featuredmedia":[{"embeddable":true,"href":"https:\/\/archive.sana.sy\/tr\/index.php?rest_route=\/wp\/v2\/media\/324048"}],"wp:attachment":[{"href":"https:\/\/archive.sana.sy\/tr\/index.php?rest_route=%2Fwp%2Fv2%2Fmedia&parent=324047"}],"wp:term":[{"taxonomy":"category","embeddable":true,"href":"https:\/\/archive.sana.sy\/tr\/index.php?rest_route=%2Fwp%2Fv2%2Fcategories&post=324047"},{"taxonomy":"post_tag","embeddable":true,"href":"https:\/\/archive.sana.sy\/tr\/index.php?rest_route=%2Fwp%2Fv2%2Ftags&post=324047"}],"curies":[{"name":"wp","href":"https:\/\/api.w.org\/{rel}","templated":true}]}}