{"id":324064,"date":"2025-06-28T16:46:02","date_gmt":"2025-06-28T13:46:02","guid":{"rendered":"https:\/\/sana.sy\/tr\/?p=324064"},"modified":"2025-06-28T17:14:43","modified_gmt":"2025-06-28T14:14:43","slug":"suriye-havayollari-hava-kapatmasindan-etkilenenler-icin-alternatif-ucuslar-koordine-etti","status":"publish","type":"post","link":"https:\/\/archive.sana.sy\/tr\/?p=324064","title":{"rendered":"Suriye Havayollar\u0131, Hava Sahalar\u0131n\u0131 Kapatmas\u0131ndan Etkilenenler \u0130\u00e7in Alternatif U\u00e7u\u015flar Koordine Etti"},"content":{"rendered":"<p style=\"text-align: justify;\"><span style=\"color: #ff0000;\"><strong>\u015eAM (SANA)<\/strong> &#8211;<\/span>\u00a0 Suriye Havayollar\u0131, hava sahalar\u0131n\u0131 kapatma d\u00f6neminde u\u00e7u\u015flar\u0131 iptal edilen ve hen\u00fcz alternatif u\u00e7u\u015flara atanmam\u0131\u015f t\u00fcm yolcular\u0131n kendileriyle ileti\u015fime ge\u00e7melerini istedi.<\/p>\n<p style=\"text-align: justify;\">Suriye Havayollar\u0131, Telegram kanal\u0131 arac\u0131l\u0131\u011f\u0131yla, herkesin ihtiya\u00e7lar\u0131n\u0131 kar\u015f\u0131lamak amac\u0131yla \u015fu anda ek u\u00e7u\u015flar planlamak ve bu u\u00e7u\u015flarda seyahat etmek isteyen yolcular\u0131n isimlerini eklemek i\u00e7in \u00e7al\u0131\u015ft\u0131\u011f\u0131n\u0131 a\u00e7\u0131klad\u0131.<\/p>\n<p style=\"text-align: justify;\">Yolcular\u0131n Suriye i\u00e7inden 011168 numaral\u0131 telefondan, WhatsApp \u00fczerinden veya do\u011frudan a\u015fa\u011f\u0131daki numaralar\u0131 arayarak kendilerine ula\u015fabilece\u011fini belirtti:<\/p>\n<p>+963987077730<\/p>\n<p>+963987077731<\/p>\n<p>+963987077732<\/p>\n<p>+963987077733<\/p>\n<p>+963987077734<\/p>\n","protected":false},"excerpt":{"rendered":"<p>\u015eAM (SANA) &#8211;\u00a0 Suriye Havayollar\u0131, hava sahalar\u0131n\u0131 kapatma d\u00f6neminde u\u00e7u\u015flar\u0131 iptal edilen ve hen\u00fcz alternatif u\u00e7u\u015flara atanmam\u0131\u015f t\u00fcm yolcular\u0131n kendileriyle ileti\u015fime ge\u00e7melerini istedi. Suriye Havayollar\u0131, Telegram kanal\u0131 arac\u0131l\u0131\u011f\u0131yla, herkesin ihtiya\u00e7lar\u0131n\u0131 kar\u015f\u0131lamak amac\u0131yla \u015fu anda ek u\u00e7u\u015flar planlamak ve bu u\u00e7u\u015flarda seyahat etmek isteyen yolcular\u0131n isimlerini eklemek i\u00e7in \u00e7al\u0131\u015ft\u0131\u011f\u0131n\u0131 a\u00e7\u0131klad\u0131. Yolcular\u0131n Suriye i\u00e7inden 011168 numaral\u0131 telefondan, &hellip;<\/p>\n","protected":false},"author":44,"featured_media":324065,"comment_status":"closed","ping_status":"closed","sticky":false,"template":"","format":"standard","meta":{"footnotes":""},"categories":[589,479,17988,478],"tags":[43974,30198],"class_list":["post-324064","post","type-post","status-publish","format-standard","has-post-thumbnail","","category-haber-seridi","category-haberler-yerel","category-son-haberler","category-yerel","tag-hava-kapatmasindan-etkilenenler-icin-alternatif-ucuslar-koordine-etti","tag-suriye-havayollari"],"_links":{"self":[{"href":"https:\/\/archive.sana.sy\/tr\/index.php?rest_route=\/wp\/v2\/posts\/324064","targetHints":{"allow":["GET"]}}],"collection":[{"href":"https:\/\/archive.sana.sy\/tr\/index.php?rest_route=\/wp\/v2\/posts"}],"about":[{"href":"https:\/\/archive.sana.sy\/tr\/index.php?rest_route=\/wp\/v2\/types\/post"}],"author":[{"embeddable":true,"href":"https:\/\/archive.sana.sy\/tr\/index.php?rest_route=\/wp\/v2\/users\/44"}],"replies":[{"embeddable":true,"href":"https:\/\/archive.sana.sy\/tr\/index.php?rest_route=%2Fwp%2Fv2%2Fcomments&post=324064"}],"version-history":[{"count":4,"href":"https:\/\/archive.sana.sy\/tr\/index.php?rest_route=\/wp\/v2\/posts\/324064\/revisions"}],"predecessor-version":[{"id":324069,"href":"https:\/\/archive.sana.sy\/tr\/index.php?rest_route=\/wp\/v2\/posts\/324064\/revisions\/324069"}],"wp:featuredmedia":[{"embeddable":true,"href":"https:\/\/archive.sana.sy\/tr\/index.php?rest_route=\/wp\/v2\/media\/324065"}],"wp:attachment":[{"href":"https:\/\/archive.sana.sy\/tr\/index.php?rest_route=%2Fwp%2Fv2%2Fmedia&parent=324064"}],"wp:term":[{"taxonomy":"category","embeddable":true,"href":"https:\/\/archive.sana.sy\/tr\/index.php?rest_route=%2Fwp%2Fv2%2Fcategories&post=324064"},{"taxonomy":"post_tag","embeddable":true,"href":"https:\/\/archive.sana.sy\/tr\/index.php?rest_route=%2Fwp%2Fv2%2Ftags&post=324064"}],"curies":[{"name":"wp","href":"https:\/\/api.w.org\/{rel}","templated":true}]}}