{"id":324070,"date":"2025-06-28T17:27:13","date_gmt":"2025-06-28T14:27:13","guid":{"rendered":"https:\/\/sana.sy\/tr\/?p=324070"},"modified":"2025-06-28T17:28:09","modified_gmt":"2025-06-28T14:28:09","slug":"suriye-acil-durumlar-bakani-idlibdeki-bakanlik-ve-sivil-savunma-projelerini-denetledi","status":"publish","type":"post","link":"https:\/\/archive.sana.sy\/tr\/?p=324070","title":{"rendered":"Suriye Acil Durumlar Bakan\u0131, \u0130dlib&#8217;deki Bakanl\u0131k ve Sivil Savunma Projelerini Denetledi"},"content":{"rendered":"<p style=\"text-align: justify;\"><span style=\"color: #ff0000;\"><strong>\u0130DL\u0130B (SANA)<\/strong> <\/span>&#8211; Suriye Acil Durumlar ve Afet Y\u00f6netimi Bakan\u0131 Raed Salih, Bakanl\u0131k ve Suriye Sivil Savunmas\u0131 taraf\u0131ndan \u0130dlib Valili\u011fi&#8217;nde uygulanan projelerin durumunu inceledi. Bu projelerin geni\u015fletilmesi, sakinlerin ya\u015fam ko\u015fullar\u0131n\u0131n iyile\u015ftirilmesine ve g\u00fcvenli bir ortam sa\u011flanmas\u0131na katk\u0131da bulunulmas\u0131 i\u00e7in \u00e7al\u0131\u015fmalar\u0131n s\u00fcrd\u00fc\u011f\u00fcn\u00fc vurgulad\u0131.<\/p>\n<p style=\"text-align: justify;\">Bug\u00fcn valili\u011fin baz\u0131 \u00e7al\u0131\u015fma alanlar\u0131na yapt\u0131\u011f\u0131 saha ziyaretinde Bakan Salih, \u0130dlib Valisi Muhammed Abdul Rahman ve yerel yetkililerle bu projeleri destekleme, vilayet k\u0131rsal alanlar\u0131nda geni\u015fletme ve etkilenen b\u00f6lgelerdeki hizmet sunumunu iyile\u015ftirme olas\u0131l\u0131\u011f\u0131n\u0131 g\u00f6r\u00fc\u015ft\u00fc.<\/p>\n<p style=\"text-align: justify;\">Bakan Salih ayr\u0131ca, devrik rejimin \u015fehir ve k\u0131rsal\u0131nda geride b\u0131rakt\u0131\u011f\u0131 moloz ve may\u0131nlar\u0131 temizleme \u00e7abalar\u0131n\u0131 da denetlerken, &#8221;Bu, sakinlerin evlerine d\u00f6nmeleri ve hayatlar\u0131na ve i\u015flerine devam etmeleri \u00f6n\u00fcnde b\u00fcy\u00fck bir engel te\u015fkil ediyor&#8221; ifadelerini kulland\u0131.<\/p>\n<div id='gallery-1' class='gallery galleryid-324070 gallery-columns-1 gallery-size-full'><figure class='gallery-item'>\n\t\t\t<div class='gallery-icon landscape'>\n\t\t\t\t<a href='https:\/\/archive.sana.sy\/tr\/?attachment_id=324072'><img loading=\"lazy\" decoding=\"async\" width=\"1536\" height=\"1089\" src=\"https:\/\/archive.sana.sy\/tr\/wp-content\/uploads\/2025\/06\/IMG_8718-1536x1089-1.jpg\" class=\"attachment-full size-full\" alt=\"\" srcset=\"https:\/\/archive.sana.sy\/tr\/wp-content\/uploads\/2025\/06\/IMG_8718-1536x1089-1.jpg 1536w, https:\/\/archive.sana.sy\/tr\/wp-content\/uploads\/2025\/06\/IMG_8718-1536x1089-1-300x213.jpg 300w, https:\/\/archive.sana.sy\/tr\/wp-content\/uploads\/2025\/06\/IMG_8718-1536x1089-1-1024x726.jpg 1024w, https:\/\/archive.sana.sy\/tr\/wp-content\/uploads\/2025\/06\/IMG_8718-1536x1089-1-768x545.jpg 768w\" sizes=\"auto, (max-width: 1536px) 100vw, 1536px\" \/><\/a>\n\t\t\t<\/div><\/figure><figure class='gallery-item'>\n\t\t\t<div class='gallery-icon landscape'>\n\t\t\t\t<a href='https:\/\/archive.sana.sy\/tr\/?attachment_id=324073'><img loading=\"lazy\" decoding=\"async\" width=\"1480\" height=\"1112\" src=\"https:\/\/archive.sana.sy\/tr\/wp-content\/uploads\/2025\/06\/IMG_8778.jpg\" class=\"attachment-full size-full\" alt=\"\" srcset=\"https:\/\/archive.sana.sy\/tr\/wp-content\/uploads\/2025\/06\/IMG_8778.jpg 1480w, https:\/\/archive.sana.sy\/tr\/wp-content\/uploads\/2025\/06\/IMG_8778-300x225.jpg 300w, https:\/\/archive.sana.sy\/tr\/wp-content\/uploads\/2025\/06\/IMG_8778-1024x769.jpg 1024w, https:\/\/archive.sana.sy\/tr\/wp-content\/uploads\/2025\/06\/IMG_8778-768x577.jpg 768w\" sizes=\"auto, (max-width: 1480px) 100vw, 1480px\" \/><\/a>\n\t\t\t<\/div><\/figure>\n\t\t<\/div>\n\n","protected":false},"excerpt":{"rendered":"<p>\u0130DL\u0130B (SANA) &#8211; Suriye Acil Durumlar ve Afet Y\u00f6netimi Bakan\u0131 Raed Salih, Bakanl\u0131k ve Suriye Sivil Savunmas\u0131 taraf\u0131ndan \u0130dlib Valili\u011fi&#8217;nde uygulanan projelerin durumunu inceledi. Bu projelerin geni\u015fletilmesi, sakinlerin ya\u015fam ko\u015fullar\u0131n\u0131n iyile\u015ftirilmesine ve g\u00fcvenli bir ortam sa\u011flanmas\u0131na katk\u0131da bulunulmas\u0131 i\u00e7in \u00e7al\u0131\u015fmalar\u0131n s\u00fcrd\u00fc\u011f\u00fcn\u00fc vurgulad\u0131. Bug\u00fcn valili\u011fin baz\u0131 \u00e7al\u0131\u015fma alanlar\u0131na yapt\u0131\u011f\u0131 saha ziyaretinde Bakan Salih, \u0130dlib Valisi Muhammed &hellip;<\/p>\n","protected":false},"author":44,"featured_media":324071,"comment_status":"closed","ping_status":"closed","sticky":false,"template":"","format":"standard","meta":{"footnotes":""},"categories":[589,479,17988,478],"tags":[43976,43975],"class_list":["post-324070","post","type-post","status-publish","format-standard","has-post-thumbnail","","category-haber-seridi","category-haberler-yerel","category-son-haberler","category-yerel","tag-idlibdeki-bakanlik-ve-sivil-savunma-projelerini-denetledi","tag-suriye-acil-durumlar-bakani"],"_links":{"self":[{"href":"https:\/\/archive.sana.sy\/tr\/index.php?rest_route=\/wp\/v2\/posts\/324070","targetHints":{"allow":["GET"]}}],"collection":[{"href":"https:\/\/archive.sana.sy\/tr\/index.php?rest_route=\/wp\/v2\/posts"}],"about":[{"href":"https:\/\/archive.sana.sy\/tr\/index.php?rest_route=\/wp\/v2\/types\/post"}],"author":[{"embeddable":true,"href":"https:\/\/archive.sana.sy\/tr\/index.php?rest_route=\/wp\/v2\/users\/44"}],"replies":[{"embeddable":true,"href":"https:\/\/archive.sana.sy\/tr\/index.php?rest_route=%2Fwp%2Fv2%2Fcomments&post=324070"}],"version-history":[{"count":1,"href":"https:\/\/archive.sana.sy\/tr\/index.php?rest_route=\/wp\/v2\/posts\/324070\/revisions"}],"predecessor-version":[{"id":324074,"href":"https:\/\/archive.sana.sy\/tr\/index.php?rest_route=\/wp\/v2\/posts\/324070\/revisions\/324074"}],"wp:featuredmedia":[{"embeddable":true,"href":"https:\/\/archive.sana.sy\/tr\/index.php?rest_route=\/wp\/v2\/media\/324071"}],"wp:attachment":[{"href":"https:\/\/archive.sana.sy\/tr\/index.php?rest_route=%2Fwp%2Fv2%2Fmedia&parent=324070"}],"wp:term":[{"taxonomy":"category","embeddable":true,"href":"https:\/\/archive.sana.sy\/tr\/index.php?rest_route=%2Fwp%2Fv2%2Fcategories&post=324070"},{"taxonomy":"post_tag","embeddable":true,"href":"https:\/\/archive.sana.sy\/tr\/index.php?rest_route=%2Fwp%2Fv2%2Ftags&post=324070"}],"curies":[{"name":"wp","href":"https:\/\/api.w.org\/{rel}","templated":true}]}}