{"id":324076,"date":"2025-06-28T18:54:13","date_gmt":"2025-06-28T15:54:13","guid":{"rendered":"https:\/\/sana.sy\/tr\/?p=324076"},"modified":"2025-06-28T19:11:57","modified_gmt":"2025-06-28T16:11:57","slug":"suriye-turkiyenin-destegiyle-egitim-ve-saglik-sektorunde-kapsamli-bir-yeniden-yapilanmaya-dogru-ilerliyor","status":"publish","type":"post","link":"https:\/\/archive.sana.sy\/tr\/?p=324076","title":{"rendered":"Suriye, T\u00fcrkiye&#8217;nin Deste\u011fiyle E\u011fitim Ve Sa\u011fl\u0131k Sekt\u00f6r\u00fcnde Kapsaml\u0131 Bir Yeniden Yap\u0131lanmaya Do\u011fru \u0130lerliyor"},"content":{"rendered":"<p style=\"text-align: justify;\"><span style=\"color: #ff0000;\"><strong>\u015eAM &#8211; ANKARA (SANA)<\/strong> &#8211;<\/span> \u00a0Suriye, e\u011fitim ve sa\u011fl\u0131k sekt\u00f6rlerinin kapsaml\u0131 bir \u015fekilde yeniden yap\u0131land\u0131r\u0131lmas\u0131n\u0131n bir par\u00e7as\u0131 olarak, altm\u0131\u015f y\u0131ldan fazla bir s\u00fcredir Baas rejimi alt\u0131nda ac\u0131 \u00e7eken \u00fclkeye somut katk\u0131lar sa\u011flamak i\u00e7in \u00e7al\u0131\u015fan T\u00fcrkiye ile i\u015f birli\u011fi anla\u015fmalar\u0131 arac\u0131l\u0131\u011f\u0131yla bu sekt\u00f6rleri ilerletmek i\u00e7in \u00f6nemli ad\u0131mlar att\u0131.<\/p>\n<p style=\"text-align: justify;\">\u015eam ve Ankara aras\u0131nda imzalanan anla\u015fmalar, \u00fclke genelinde e\u011fitim ve sa\u011fl\u0131k hizmetlerinin kalitesini iyile\u015ftirme amac\u0131yla Suriye&#8217;deki e\u011fitim ve sa\u011fl\u0131k sekt\u00f6rlerinin yeniden yap\u0131land\u0131r\u0131lmas\u0131na \u00f6nemli katk\u0131larda bulunmay\u0131 <img loading=\"lazy\" decoding=\"async\" class=\"size-medium wp-image-324082 alignright\" src=\"http:\/\/sana.sy\/tr\/wp-content\/uploads\/2025\/06\/photo_\u0662\u0660\u0662\u0665-\u0660\u0666-\u0662\u0665_\u0661\u0661-\u0660\u0660-\u0661\u0664-1-300x200.jpg\" alt=\"\" width=\"300\" height=\"200\" srcset=\"https:\/\/archive.sana.sy\/tr\/wp-content\/uploads\/2025\/06\/photo_\u0662\u0660\u0662\u0665-\u0660\u0666-\u0662\u0665_\u0661\u0661-\u0660\u0660-\u0661\u0664-1-300x200.jpg 300w, https:\/\/archive.sana.sy\/tr\/wp-content\/uploads\/2025\/06\/photo_\u0662\u0660\u0662\u0665-\u0660\u0666-\u0662\u0665_\u0661\u0661-\u0660\u0660-\u0661\u0664-1-1024x683.jpg 1024w, https:\/\/archive.sana.sy\/tr\/wp-content\/uploads\/2025\/06\/photo_\u0662\u0660\u0662\u0665-\u0660\u0666-\u0662\u0665_\u0661\u0661-\u0660\u0660-\u0661\u0664-1-768x512.jpg 768w, https:\/\/archive.sana.sy\/tr\/wp-content\/uploads\/2025\/06\/photo_\u0662\u0660\u0662\u0665-\u0660\u0666-\u0662\u0665_\u0661\u0661-\u0660\u0660-\u0661\u0664-1.jpg 1050w\" sizes=\"auto, (max-width: 300px) 100vw, 300px\" \/>ama\u00e7l\u0131yor.<\/p>\n<p style=\"text-align: justify;\">Suriye Y\u00fcksek\u00f6\u011fretim ve Bilimsel Ara\u015ft\u0131rma Bakan\u0131 Mervan El Halebi, Anadolu Ajans\u0131&#8217;na verdi\u011fi r\u00f6portajda, Suriye&#8217;nin ge\u00e7mi\u015fte kar\u015f\u0131la\u015ft\u0131\u011f\u0131 zorluklara ra\u011fmen y\u00fcksek\u00f6\u011fretim sisteminin son zamanlarda \u00f6nemli geli\u015fmelere tan\u0131k oldu\u011funu s\u00f6yledi.<\/p>\n<p style=\"text-align: justify;\">Bakan El Halebi&#8217;ye g\u00f6re, Be\u015far Esad&#8217;\u0131n devrik rejimi s\u0131ras\u0131nda e\u011fitim kurumlar\u0131, genel altyap\u0131n\u0131n ve bilimsel ara\u015ft\u0131rma i\u00e7in olanak sa\u011flayan yap\u0131lar\u0131n bozulmas\u0131ndan ciddi \u015fekilde etkilendi ve bu durum e\u011fitim kurumlar\u0131n\u0131n ve akademisyenlerin ekonomik durumunu olumsuz etkiledi.<\/p>\n<p style=\"text-align: justify;\">Akademisyenlerin yurtd\u0131\u015f\u0131na b\u00fcy\u00fck \u00e7apl\u0131 g\u00f6\u00e7\u00fcn\u00fcn Suriye&#8217;deki bilimsel \u00fcretimi ciddi \u015fekilde izole etti\u011fini s\u00f6zlerine ekleyen El Halebi \u015f\u00f6yle devam etti: &#8220;Allah&#8217;a \u015f\u00fck\u00fcr, zafer ve kurtulu\u015ftan sonra, halk\u0131n memleketlerine d\u00f6nmesi ve yapt\u0131r\u0131mlar\u0131n k\u0131smen hafifletilmesiyle \u00fcniversitelerimizde bir r\u00f6nesans ba\u015flad\u0131, e\u011fitim kalitesini iyile\u015ftirdi ve geli\u015ftirdi.&#8221;<\/p>\n<p style=\"text-align: justify;\">El Halebi, T\u00fcrkiye ile y\u00fcksek \u00f6\u011frenim alan\u0131nda \u00f6nemli i\u015f birli\u011fi anla\u015fmalar\u0131n\u0131n imzaland\u0131\u011f\u0131na da i\u015faret etti.<\/p>\n<p style=\"text-align: justify;\"><span style=\"color: #0000ff;\"><strong>\u00a0T\u00fcrkiye ile \u00c7e\u015fitli Anla\u015fmalar<\/strong><\/span><\/p>\n<p style=\"text-align: justify;\"><img loading=\"lazy\" decoding=\"async\" class=\"size-medium wp-image-324083 alignright\" src=\"http:\/\/sana.sy\/tr\/wp-content\/uploads\/2025\/06\/555-2-300x150.jpg\" alt=\"\" width=\"300\" height=\"150\" srcset=\"https:\/\/archive.sana.sy\/tr\/wp-content\/uploads\/2025\/06\/555-2-300x150.jpg 300w, https:\/\/archive.sana.sy\/tr\/wp-content\/uploads\/2025\/06\/555-2.jpg 660w\" sizes=\"auto, (max-width: 300px) 100vw, 300px\" \/>Bakan, T\u00fcrkiye ile imzalanan anla\u015fmalarla ilgili olarak, bunlar\u0131n e\u011fitim, yapay zeka, siber g\u00fcvenlik, dijital d\u00f6n\u00fc\u015f\u00fcm ve \u00f6n\u00fcm\u00fczdeki d\u00f6nemde uzmanl\u0131k ve hibe al\u0131\u015fveri\u015finde i\u015f birli\u011fini kapsad\u0131\u011f\u0131n\u0131 s\u00f6yledi.<\/p>\n<p style=\"text-align: justify;\">Bakan El Halabi , iki \u00fclke aras\u0131nda b\u00f6lgesel bir \u00f6nc\u00fc olacak ortak bir Suriye-T\u00fcrkiye \u00fcniversitesi kurmak i\u00e7in \u00e7al\u0131\u015fmalar\u0131n ba\u015flad\u0131\u011f\u0131n\u0131 duyurdu. A\u00e7\u0131l\u0131\u015f tarihi veya yeri hakk\u0131nda ayr\u0131nt\u0131 vermedi.<\/p>\n<p style=\"text-align: justify;\">El Halebi a\u00e7\u0131klamas\u0131nda da , at\u0131lan ad\u0131mlar\u0131n sadece Suriye&#8217;ye hizmet etmeye katk\u0131da bulunmakla kalmayaca\u011f\u0131n\u0131, ayn\u0131 zamanda T\u00fcrkiye&#8217;deki baz\u0131 ara\u015ft\u0131rma merkezlerini de destekleyece\u011fini vurgulad\u0131.<\/p>\n<p style=\"text-align: justify;\"><span style=\"color: #0000ff;\"><strong>Sa\u011fl\u0131k sekt\u00f6r\u00fcnde i\u015f birli\u011fi ve beklenen onkoloji hastanesi<\/strong><\/span><\/p>\n<p style=\"text-align: justify;\">Suriye Sa\u011fl\u0131k Bakan\u0131 Musab El Ali ise Anadolu Ajans\u0131&#8217;na yapt\u0131\u011f\u0131 a\u00e7\u0131klamada, T\u00fcrkiye ile \u00e7ok \u00f6nemli i\u015f birli\u011fi anla\u015fmalar\u0131 yapt\u0131klar\u0131n\u0131 ve Suriye&#8217;de sa\u011fl\u0131k hizmetlerini geli\u015ftirmek i\u00e7in \u00f6nemli ad\u0131mlar att\u0131klar\u0131n\u0131 s\u00f6yledi.<\/p>\n<p style=\"text-align: justify;\"><img loading=\"lazy\" decoding=\"async\" class=\"size-medium wp-image-324081 alignright\" src=\"http:\/\/sana.sy\/tr\/wp-content\/uploads\/2025\/06\/1-15-660x330-1-3-300x150.jpg\" alt=\"\" width=\"300\" height=\"150\" srcset=\"https:\/\/archive.sana.sy\/tr\/wp-content\/uploads\/2025\/06\/1-15-660x330-1-3-300x150.jpg 300w, https:\/\/archive.sana.sy\/tr\/wp-content\/uploads\/2025\/06\/1-15-660x330-1-3.jpg 660w\" sizes=\"auto, (max-width: 300px) 100vw, 300px\" \/>Bakan El Ali, Halep&#8217;te 176 g\u00fcn i\u00e7inde faaliyete ge\u00e7mesi beklenen bir onkoloji hastanesi kurmak i\u00e7in T\u00fcrkiye ile \u00f6nemli bir anla\u015fman\u0131n imzaland\u0131\u011f\u0131n\u0131 do\u011frulad\u0131.<\/p>\n<p style=\"text-align: justify;\">\u0130ki hafta i\u00e7inde ba\u015fka bir valilikte (ad\u0131n\u0131 vermedi\u011fi) bir onkoloji b\u00f6l\u00fcm\u00fc daha a\u00e7acaklar\u0131n\u0131 belirterek, t\u00fcm Suriye valiliklerinde e\u015fit f\u0131rsatlar ve haklar ilkesine ba\u011fl\u0131 olduklar\u0131n\u0131 a\u00e7\u0131klayan El Ali,\u00a0 T\u00fcrkiye ile imzalanan anla\u015fma kapsam\u0131ndaki \u015eam&#8217;daki kalp hastanesinin 90 g\u00fcn i\u00e7inde faaliyete ge\u00e7mesini ve ba\u015fkentteki kalp hastalar\u0131na y\u00fcksek kalitede sa\u011fl\u0131k hizmeti sunmas\u0131n\u0131 umdu\u011funu dile getirdi.<\/p>\n<p style=\"text-align: justify;\">Bakan El Ali a\u00e7\u0131klamas\u0131nda da, T\u00fcrkiye&#8217;ye de\u011ferli i\u015f birli\u011fi i\u00e7in te\u015fekk\u00fcr ederek, sa\u011fl\u0131k sekt\u00f6r\u00fcn\u00fc ilerletecek ortakl\u0131klar\u0131n geli\u015ftirilmesi umudunu dile getirdi.<\/p>\n","protected":false},"excerpt":{"rendered":"<p>\u015eAM &#8211; ANKARA (SANA) &#8211; \u00a0Suriye, e\u011fitim ve sa\u011fl\u0131k sekt\u00f6rlerinin kapsaml\u0131 bir \u015fekilde yeniden yap\u0131land\u0131r\u0131lmas\u0131n\u0131n bir par\u00e7as\u0131 olarak, altm\u0131\u015f y\u0131ldan fazla bir s\u00fcredir Baas rejimi alt\u0131nda ac\u0131 \u00e7eken \u00fclkeye somut katk\u0131lar sa\u011flamak i\u00e7in \u00e7al\u0131\u015fan T\u00fcrkiye ile i\u015f birli\u011fi anla\u015fmalar\u0131 arac\u0131l\u0131\u011f\u0131yla bu sekt\u00f6rleri ilerletmek i\u00e7in \u00f6nemli ad\u0131mlar att\u0131. \u015eam ve Ankara aras\u0131nda imzalanan anla\u015fmalar, \u00fclke genelinde &hellip;<\/p>\n","protected":false},"author":44,"featured_media":324080,"comment_status":"closed","ping_status":"closed","sticky":false,"template":"","format":"standard","meta":{"footnotes":""},"categories":[589,17988,2554,2555],"tags":[],"class_list":["post-324076","post","type-post","status-publish","format-standard","has-post-thumbnail","","category-haber-seridi","category-son-haberler","category-suriye-ve-dunya","category-suriye-ve-turkiye"],"_links":{"self":[{"href":"https:\/\/archive.sana.sy\/tr\/index.php?rest_route=\/wp\/v2\/posts\/324076","targetHints":{"allow":["GET"]}}],"collection":[{"href":"https:\/\/archive.sana.sy\/tr\/index.php?rest_route=\/wp\/v2\/posts"}],"about":[{"href":"https:\/\/archive.sana.sy\/tr\/index.php?rest_route=\/wp\/v2\/types\/post"}],"author":[{"embeddable":true,"href":"https:\/\/archive.sana.sy\/tr\/index.php?rest_route=\/wp\/v2\/users\/44"}],"replies":[{"embeddable":true,"href":"https:\/\/archive.sana.sy\/tr\/index.php?rest_route=%2Fwp%2Fv2%2Fcomments&post=324076"}],"version-history":[{"count":2,"href":"https:\/\/archive.sana.sy\/tr\/index.php?rest_route=\/wp\/v2\/posts\/324076\/revisions"}],"predecessor-version":[{"id":324085,"href":"https:\/\/archive.sana.sy\/tr\/index.php?rest_route=\/wp\/v2\/posts\/324076\/revisions\/324085"}],"wp:featuredmedia":[{"embeddable":true,"href":"https:\/\/archive.sana.sy\/tr\/index.php?rest_route=\/wp\/v2\/media\/324080"}],"wp:attachment":[{"href":"https:\/\/archive.sana.sy\/tr\/index.php?rest_route=%2Fwp%2Fv2%2Fmedia&parent=324076"}],"wp:term":[{"taxonomy":"category","embeddable":true,"href":"https:\/\/archive.sana.sy\/tr\/index.php?rest_route=%2Fwp%2Fv2%2Fcategories&post=324076"},{"taxonomy":"post_tag","embeddable":true,"href":"https:\/\/archive.sana.sy\/tr\/index.php?rest_route=%2Fwp%2Fv2%2Ftags&post=324076"}],"curies":[{"name":"wp","href":"https:\/\/api.w.org\/{rel}","templated":true}]}}