{"id":324099,"date":"2025-06-29T11:44:19","date_gmt":"2025-06-29T08:44:19","guid":{"rendered":"https:\/\/sana.sy\/tr\/?p=324099"},"modified":"2025-06-29T15:08:54","modified_gmt":"2025-06-29T12:08:54","slug":"suriye-toplumunun-ulusal-butunlugunu-guclendirmek-amaciyla-ilk-konferans-pariste-duzenlendi","status":"publish","type":"post","link":"https:\/\/archive.sana.sy\/tr\/?p=324099","title":{"rendered":"Suriye Toplumunun Ulusal B\u00fct\u00fcnl\u00fc\u011f\u00fcn\u00fc G\u00fc\u00e7lendirmek Amac\u0131yla \u0130lk Konferans Paris&#8217;te D\u00fczenlendi"},"content":{"rendered":"<p style=\"text-align: justify;\"><strong><span style=\"color: #ff0000;\">PAR\u0130S (SANA)<\/span> &#8211;<\/strong> Fransa&#8217;n\u0131n ba\u015fkenti Paris, Fransa&#8217;daki Suriye Toplum Derne\u011fi Genel Sekreterli\u011fi&#8217;nin ilk konferans\u0131na ev sahipli\u011fi yapt\u0131.<\/p>\n<p style=\"text-align: justify;\">Konferansa, aralar\u0131nda \u00f6nemli hukuk ve insan haklar\u0131 fig\u00fcrlerinin de bulundu\u011fu, \u00e7e\u015fitli mesleki ve k\u00fclt\u00fcrel alanlardan yakla\u015f\u0131k 250 Suriye toplumu \u00fcyesi kat\u0131ld\u0131.<\/p>\n<p style=\"text-align: justify;\">Konferans, derne\u011fin ama\u00e7lar\u0131n\u0131 tan\u0131tmak, \u00e7al\u0131\u015fma mekanizmalar\u0131n\u0131 belirlemek ve \u015feffaf se\u00e7imlerle y\u00f6netim kurulu \u00fcyelerini se\u00e7mek amac\u0131yla d\u00fczenlendi. B\u00f6ylece Fransa&#8217;n\u0131n farkl\u0131 \u015fehirlerindeki Suriye toplumunu \u00f6rg\u00fctl\u00fc ve etkili \u015fekilde temsil edecek se\u00e7ilmi\u015f bir y\u00f6netim yap\u0131s\u0131n\u0131n olu\u015fturulmas\u0131na katk\u0131 sa\u011fland\u0131.<\/p>\n<div id='gallery-1' class='gallery galleryid-324099 gallery-columns-2 gallery-size-full'><figure class='gallery-item'>\n\t\t\t<div class='gallery-icon landscape'>\n\t\t\t\t<a href='https:\/\/archive.sana.sy\/tr\/wp-content\/uploads\/2025\/06\/20250628_145434.jpg'><img loading=\"lazy\" decoding=\"async\" width=\"660\" height=\"440\" src=\"https:\/\/archive.sana.sy\/tr\/wp-content\/uploads\/2025\/06\/20250628_145434.jpg\" class=\"attachment-full size-full\" alt=\"\" srcset=\"https:\/\/archive.sana.sy\/tr\/wp-content\/uploads\/2025\/06\/20250628_145434.jpg 660w, https:\/\/archive.sana.sy\/tr\/wp-content\/uploads\/2025\/06\/20250628_145434-300x200.jpg 300w\" sizes=\"auto, (max-width: 660px) 100vw, 660px\" \/><\/a>\n\t\t\t<\/div><\/figure><figure class='gallery-item'>\n\t\t\t<div class='gallery-icon landscape'>\n\t\t\t\t<a href='https:\/\/archive.sana.sy\/tr\/wp-content\/uploads\/2025\/06\/20250628_145509.jpg'><img loading=\"lazy\" decoding=\"async\" width=\"660\" height=\"440\" src=\"https:\/\/archive.sana.sy\/tr\/wp-content\/uploads\/2025\/06\/20250628_145509.jpg\" class=\"attachment-full size-full\" alt=\"\" srcset=\"https:\/\/archive.sana.sy\/tr\/wp-content\/uploads\/2025\/06\/20250628_145509.jpg 660w, https:\/\/archive.sana.sy\/tr\/wp-content\/uploads\/2025\/06\/20250628_145509-300x200.jpg 300w\" sizes=\"auto, (max-width: 660px) 100vw, 660px\" \/><\/a>\n\t\t\t<\/div><\/figure>\n\t\t<\/div>\n\n","protected":false},"excerpt":{"rendered":"<p>PAR\u0130S (SANA) &#8211; Fransa&#8217;n\u0131n ba\u015fkenti Paris, Fransa&#8217;daki Suriye Toplum Derne\u011fi Genel Sekreterli\u011fi&#8217;nin ilk konferans\u0131na ev sahipli\u011fi yapt\u0131. Konferansa, aralar\u0131nda \u00f6nemli hukuk ve insan haklar\u0131 fig\u00fcrlerinin de bulundu\u011fu, \u00e7e\u015fitli mesleki ve k\u00fclt\u00fcrel alanlardan yakla\u015f\u0131k 250 Suriye toplumu \u00fcyesi kat\u0131ld\u0131. Konferans, derne\u011fin ama\u00e7lar\u0131n\u0131 tan\u0131tmak, \u00e7al\u0131\u015fma mekanizmalar\u0131n\u0131 belirlemek ve \u015feffaf se\u00e7imlerle y\u00f6netim kurulu \u00fcyelerini se\u00e7mek amac\u0131yla d\u00fczenlendi. B\u00f6ylece &hellip;<\/p>\n","protected":false},"author":39,"featured_media":324100,"comment_status":"closed","ping_status":"closed","sticky":false,"template":"","format":"standard","meta":{"footnotes":""},"categories":[458,589,459,17988],"tags":[],"class_list":["post-324099","post","type-post","status-publish","format-standard","has-post-thumbnail","","category-dunya1","category-haber-seridi","category-haberler-arap-uluslararasi-politika","category-son-haberler"],"_links":{"self":[{"href":"https:\/\/archive.sana.sy\/tr\/index.php?rest_route=\/wp\/v2\/posts\/324099","targetHints":{"allow":["GET"]}}],"collection":[{"href":"https:\/\/archive.sana.sy\/tr\/index.php?rest_route=\/wp\/v2\/posts"}],"about":[{"href":"https:\/\/archive.sana.sy\/tr\/index.php?rest_route=\/wp\/v2\/types\/post"}],"author":[{"embeddable":true,"href":"https:\/\/archive.sana.sy\/tr\/index.php?rest_route=\/wp\/v2\/users\/39"}],"replies":[{"embeddable":true,"href":"https:\/\/archive.sana.sy\/tr\/index.php?rest_route=%2Fwp%2Fv2%2Fcomments&post=324099"}],"version-history":[{"count":3,"href":"https:\/\/archive.sana.sy\/tr\/index.php?rest_route=\/wp\/v2\/posts\/324099\/revisions"}],"predecessor-version":[{"id":324130,"href":"https:\/\/archive.sana.sy\/tr\/index.php?rest_route=\/wp\/v2\/posts\/324099\/revisions\/324130"}],"wp:featuredmedia":[{"embeddable":true,"href":"https:\/\/archive.sana.sy\/tr\/index.php?rest_route=\/wp\/v2\/media\/324100"}],"wp:attachment":[{"href":"https:\/\/archive.sana.sy\/tr\/index.php?rest_route=%2Fwp%2Fv2%2Fmedia&parent=324099"}],"wp:term":[{"taxonomy":"category","embeddable":true,"href":"https:\/\/archive.sana.sy\/tr\/index.php?rest_route=%2Fwp%2Fv2%2Fcategories&post=324099"},{"taxonomy":"post_tag","embeddable":true,"href":"https:\/\/archive.sana.sy\/tr\/index.php?rest_route=%2Fwp%2Fv2%2Ftags&post=324099"}],"curies":[{"name":"wp","href":"https:\/\/api.w.org\/{rel}","templated":true}]}}