{"id":324104,"date":"2025-06-29T13:19:59","date_gmt":"2025-06-29T10:19:59","guid":{"rendered":"https:\/\/sana.sy\/tr\/?p=324104"},"modified":"2025-06-29T15:00:30","modified_gmt":"2025-06-29T12:00:30","slug":"suriye-turkiye-arasindaki-mutabakat-zapti-kara-ulasimini-yeniden-baslatiyor-ve-korfez-ticareti-gucleniyor","status":"publish","type":"post","link":"https:\/\/archive.sana.sy\/tr\/?p=324104","title":{"rendered":"T\u00fcrkiye \u0130le Suriye Aras\u0131nda Uluslararas\u0131 Kara Ta\u015f\u0131mac\u0131l\u0131\u011f\u0131nda \u0130\u015fbirli\u011fine \u0130li\u015fkin Mutabakat Zapt\u0131 \u0130mzaland\u0131"},"content":{"rendered":"<p style=\"text-align: justify;\"><strong><span style=\"color: #ff0000;\">ANKARA (SANA)<\/span> &#8211;\u00a0<\/strong> T\u00fcrkiye Ula\u015ft\u0131rma ve Altyap\u0131 Bakan\u0131 Abdulkadir Uralo\u011flu, Suriye ile kara yolu ula\u015f\u0131m\u0131n\u0131n yeniden ba\u015flamas\u0131n\u0131n, \u00f6zellikle Avrupa ile Asya\u2019y\u0131 birbirine ba\u011flayan &#8220;Orta Koridor&#8221; projesi kapsam\u0131nda, iki \u00fclkenin ikili ve b\u00f6lgesel ticaretteki rol\u00fcn\u00fc g\u00fc\u00e7lendirece\u011fini vurgulad\u0131.<\/p>\n<p style=\"text-align: justify;\">Uralo\u011flu, Anadolu Ajans\u0131\u2019na yapt\u0131\u011f\u0131 a\u00e7\u0131klamada, iki \u00fclke aras\u0131nda imzalanan \u201cUluslararas\u0131 Karayolu Ta\u015f\u0131mac\u0131l\u0131\u011f\u0131 Alan\u0131nda \u0130\u015fbirli\u011fi Mutabakat Zapt\u0131\u201d sayesinde, y\u00fcklerin s\u0131n\u0131r kap\u0131lar\u0131ndan do\u011frudan ta\u015f\u0131nabilece\u011fini, b\u00f6ylece zaman ve maliyet tasarrufu sa\u011flanaca\u011f\u0131n\u0131 belirtti.<\/p>\n<p style=\"text-align: justify;\">Bakan Uralo\u011flu ayr\u0131ca, \u00c7in ile Avrupa aras\u0131ndaki Kuzey Koridoru&#8217;na alternatif olarak g\u00f6r\u00fclen Orta Koridor\u2019un, T\u00fcrkiye, Kafkasya ve Hazar Denizi \u00fczerinden Orta Asya\u2019ya ve \u00c7in\u2019e uzand\u0131\u011f\u0131n\u0131 kaydederek, K\u00f6rfez \u00fclkelerinin Suriye \u00fczerinden birbirine ba\u011flanmas\u0131n\u0131n yeni ekonomik f\u0131rsatlar yarataca\u011f\u0131n\u0131 ve bu s\u00fcrecin her iki \u00fclke i\u00e7in de kazan\u00e7 sa\u011flayaca\u011f\u0131n\u0131 ifade etti.<\/p>\n<p style=\"text-align: justify;\">Uralo\u011flu a\u00e7\u0131klamas\u0131nda da, s\u00f6z konusu mutabakat zapt\u0131n\u0131n, T\u00fcrkiye&#8217;den \u00dcrd\u00fcn, Suudi Arabistan, Birle\u015fik Arap Emirlikleri, Katar ve di\u011fer K\u00f6rfez \u00fclkelerine kara yoluyla mal ak\u0131\u015f\u0131n\u0131 m\u00fcmk\u00fcn k\u0131laca\u011f\u0131n\u0131, bunun da b\u00f6lgesel ekonomik entegrasyonu g\u00fc\u00e7lendirece\u011fini kaydetti.<\/p>\n","protected":false},"excerpt":{"rendered":"<p>ANKARA (SANA) &#8211;\u00a0 T\u00fcrkiye Ula\u015ft\u0131rma ve Altyap\u0131 Bakan\u0131 Abdulkadir Uralo\u011flu, Suriye ile kara yolu ula\u015f\u0131m\u0131n\u0131n yeniden ba\u015flamas\u0131n\u0131n, \u00f6zellikle Avrupa ile Asya\u2019y\u0131 birbirine ba\u011flayan &#8220;Orta Koridor&#8221; projesi kapsam\u0131nda, iki \u00fclkenin ikili ve b\u00f6lgesel ticaretteki rol\u00fcn\u00fc g\u00fc\u00e7lendirece\u011fini vurgulad\u0131. Uralo\u011flu, Anadolu Ajans\u0131\u2019na yapt\u0131\u011f\u0131 a\u00e7\u0131klamada, iki \u00fclke aras\u0131nda imzalanan \u201cUluslararas\u0131 Karayolu Ta\u015f\u0131mac\u0131l\u0131\u011f\u0131 Alan\u0131nda \u0130\u015fbirli\u011fi Mutabakat Zapt\u0131\u201d sayesinde, y\u00fcklerin s\u0131n\u0131r &hellip;<\/p>\n","protected":false},"author":39,"featured_media":324105,"comment_status":"closed","ping_status":"closed","sticky":false,"template":"","format":"standard","meta":{"footnotes":""},"categories":[458,589,459,17988],"tags":[],"class_list":["post-324104","post","type-post","status-publish","format-standard","has-post-thumbnail","","category-dunya1","category-haber-seridi","category-haberler-arap-uluslararasi-politika","category-son-haberler"],"_links":{"self":[{"href":"https:\/\/archive.sana.sy\/tr\/index.php?rest_route=\/wp\/v2\/posts\/324104","targetHints":{"allow":["GET"]}}],"collection":[{"href":"https:\/\/archive.sana.sy\/tr\/index.php?rest_route=\/wp\/v2\/posts"}],"about":[{"href":"https:\/\/archive.sana.sy\/tr\/index.php?rest_route=\/wp\/v2\/types\/post"}],"author":[{"embeddable":true,"href":"https:\/\/archive.sana.sy\/tr\/index.php?rest_route=\/wp\/v2\/users\/39"}],"replies":[{"embeddable":true,"href":"https:\/\/archive.sana.sy\/tr\/index.php?rest_route=%2Fwp%2Fv2%2Fcomments&post=324104"}],"version-history":[{"count":5,"href":"https:\/\/archive.sana.sy\/tr\/index.php?rest_route=\/wp\/v2\/posts\/324104\/revisions"}],"predecessor-version":[{"id":324125,"href":"https:\/\/archive.sana.sy\/tr\/index.php?rest_route=\/wp\/v2\/posts\/324104\/revisions\/324125"}],"wp:featuredmedia":[{"embeddable":true,"href":"https:\/\/archive.sana.sy\/tr\/index.php?rest_route=\/wp\/v2\/media\/324105"}],"wp:attachment":[{"href":"https:\/\/archive.sana.sy\/tr\/index.php?rest_route=%2Fwp%2Fv2%2Fmedia&parent=324104"}],"wp:term":[{"taxonomy":"category","embeddable":true,"href":"https:\/\/archive.sana.sy\/tr\/index.php?rest_route=%2Fwp%2Fv2%2Fcategories&post=324104"},{"taxonomy":"post_tag","embeddable":true,"href":"https:\/\/archive.sana.sy\/tr\/index.php?rest_route=%2Fwp%2Fv2%2Ftags&post=324104"}],"curies":[{"name":"wp","href":"https:\/\/api.w.org\/{rel}","templated":true}]}}