{"id":324109,"date":"2025-06-29T12:37:12","date_gmt":"2025-06-29T09:37:12","guid":{"rendered":"https:\/\/sana.sy\/tr\/?p=324109"},"modified":"2025-06-29T15:07:18","modified_gmt":"2025-06-29T12:07:18","slug":"egitim-bakani-ve-hama-valisi-temel-egitim-sertifikasi-ogrencilerinin-sinav-surecinin-ilerleyisini-denetledi","status":"publish","type":"post","link":"https:\/\/archive.sana.sy\/tr\/?p=324109","title":{"rendered":"E\u011fitim Bakan\u0131 ve Hama Valisi, Temel E\u011fitim Sertifikas\u0131 \u00d6\u011frencilerinin S\u0131nav S\u00fcrecinin \u0130lerleyi\u015fini Denetledi"},"content":{"rendered":"<p style=\"text-align: justify;\"><strong><span style=\"color: #ff0000;\">HAMA (SANA)<\/span> &#8211;<\/strong> Suriye E\u011fitim Bakan\u0131 Muhammed Abdurrahman Tarku, Hama Valisi Abdurrahman El Seyhan ile birlikte, 2025 Temel E\u011fitim Sertifika S\u0131navlar\u0131&#8217;n\u0131n y\u00fcr\u00fct\u00fclmesini incelemek \u00fczere Hama ve Maharda kentlerindeki s\u0131nav merkezlerine denetim ziyaretinde bulundu.<\/p>\n<p style=\"text-align: justify;\">\n","protected":false},"excerpt":{"rendered":"<p>HAMA (SANA) &#8211; Suriye E\u011fitim Bakan\u0131 Muhammed Abdurrahman Tarku, Hama Valisi Abdurrahman El Seyhan ile birlikte, 2025 Temel E\u011fitim Sertifika S\u0131navlar\u0131&#8217;n\u0131n y\u00fcr\u00fct\u00fclmesini incelemek \u00fczere Hama ve Maharda kentlerindeki s\u0131nav merkezlerine denetim ziyaretinde bulundu.<\/p>\n","protected":false},"author":39,"featured_media":324110,"comment_status":"closed","ping_status":"closed","sticky":false,"template":"","format":"standard","meta":{"footnotes":""},"categories":[589,479,17988,478],"tags":[],"class_list":["post-324109","post","type-post","status-publish","format-standard","has-post-thumbnail","","category-haber-seridi","category-haberler-yerel","category-son-haberler","category-yerel"],"_links":{"self":[{"href":"https:\/\/archive.sana.sy\/tr\/index.php?rest_route=\/wp\/v2\/posts\/324109","targetHints":{"allow":["GET"]}}],"collection":[{"href":"https:\/\/archive.sana.sy\/tr\/index.php?rest_route=\/wp\/v2\/posts"}],"about":[{"href":"https:\/\/archive.sana.sy\/tr\/index.php?rest_route=\/wp\/v2\/types\/post"}],"author":[{"embeddable":true,"href":"https:\/\/archive.sana.sy\/tr\/index.php?rest_route=\/wp\/v2\/users\/39"}],"replies":[{"embeddable":true,"href":"https:\/\/archive.sana.sy\/tr\/index.php?rest_route=%2Fwp%2Fv2%2Fcomments&post=324109"}],"version-history":[{"count":7,"href":"https:\/\/archive.sana.sy\/tr\/index.php?rest_route=\/wp\/v2\/posts\/324109\/revisions"}],"predecessor-version":[{"id":324128,"href":"https:\/\/archive.sana.sy\/tr\/index.php?rest_route=\/wp\/v2\/posts\/324109\/revisions\/324128"}],"wp:featuredmedia":[{"embeddable":true,"href":"https:\/\/archive.sana.sy\/tr\/index.php?rest_route=\/wp\/v2\/media\/324110"}],"wp:attachment":[{"href":"https:\/\/archive.sana.sy\/tr\/index.php?rest_route=%2Fwp%2Fv2%2Fmedia&parent=324109"}],"wp:term":[{"taxonomy":"category","embeddable":true,"href":"https:\/\/archive.sana.sy\/tr\/index.php?rest_route=%2Fwp%2Fv2%2Fcategories&post=324109"},{"taxonomy":"post_tag","embeddable":true,"href":"https:\/\/archive.sana.sy\/tr\/index.php?rest_route=%2Fwp%2Fv2%2Ftags&post=324109"}],"curies":[{"name":"wp","href":"https:\/\/api.w.org\/{rel}","templated":true}]}}