{"id":324113,"date":"2025-06-29T12:45:36","date_gmt":"2025-06-29T09:45:36","guid":{"rendered":"https:\/\/sana.sy\/tr\/?p=324113"},"modified":"2025-06-29T15:06:34","modified_gmt":"2025-06-29T12:06:34","slug":"suriyede-temel-egitim-ve-mesleki-ortaogretim-sertifika-sinavlari-devam-ediyor","status":"publish","type":"post","link":"https:\/\/archive.sana.sy\/tr\/?p=324113","title":{"rendered":"Suriye&#8217;de Temel E\u011fitim Ve Mesleki Orta\u00f6\u011fretim Sertifika S\u0131navlar\u0131 Devam Ediyor\u00a0"},"content":{"rendered":"<p style=\"text-align: justify;\"><strong><span style=\"color: #ff0000;\">\u015eAM (SANA)<\/span> &#8211;<\/strong> 2025 y\u0131l\u0131 Genel Temel E\u011fitim Sertifikas\u0131, Din E\u011fitimi Sertifikas\u0131 ve Mesleki Orta\u00f6\u011fretim Sertifikas\u0131 (end\u00fcstriyel, ticari ve kad\u0131n bran\u015flar\u0131) s\u0131navlar\u0131, Suriye&#8217;nin t\u00fcm illerinde \u00f6\u011frencilerin kat\u0131l\u0131m\u0131yla devam ediyor.<\/p>\n","protected":false},"excerpt":{"rendered":"<p>\u015eAM (SANA) &#8211; 2025 y\u0131l\u0131 Genel Temel E\u011fitim Sertifikas\u0131, Din E\u011fitimi Sertifikas\u0131 ve Mesleki Orta\u00f6\u011fretim Sertifikas\u0131 (end\u00fcstriyel, ticari ve kad\u0131n bran\u015flar\u0131) s\u0131navlar\u0131, Suriye&#8217;nin t\u00fcm illerinde \u00f6\u011frencilerin kat\u0131l\u0131m\u0131yla devam ediyor.<\/p>\n","protected":false},"author":39,"featured_media":324114,"comment_status":"closed","ping_status":"closed","sticky":false,"template":"","format":"standard","meta":{"footnotes":""},"categories":[589,479,17988,478],"tags":[],"class_list":["post-324113","post","type-post","status-publish","format-standard","has-post-thumbnail","","category-haber-seridi","category-haberler-yerel","category-son-haberler","category-yerel"],"_links":{"self":[{"href":"https:\/\/archive.sana.sy\/tr\/index.php?rest_route=\/wp\/v2\/posts\/324113","targetHints":{"allow":["GET"]}}],"collection":[{"href":"https:\/\/archive.sana.sy\/tr\/index.php?rest_route=\/wp\/v2\/posts"}],"about":[{"href":"https:\/\/archive.sana.sy\/tr\/index.php?rest_route=\/wp\/v2\/types\/post"}],"author":[{"embeddable":true,"href":"https:\/\/archive.sana.sy\/tr\/index.php?rest_route=\/wp\/v2\/users\/39"}],"replies":[{"embeddable":true,"href":"https:\/\/archive.sana.sy\/tr\/index.php?rest_route=%2Fwp%2Fv2%2Fcomments&post=324113"}],"version-history":[{"count":3,"href":"https:\/\/archive.sana.sy\/tr\/index.php?rest_route=\/wp\/v2\/posts\/324113\/revisions"}],"predecessor-version":[{"id":324127,"href":"https:\/\/archive.sana.sy\/tr\/index.php?rest_route=\/wp\/v2\/posts\/324113\/revisions\/324127"}],"wp:featuredmedia":[{"embeddable":true,"href":"https:\/\/archive.sana.sy\/tr\/index.php?rest_route=\/wp\/v2\/media\/324114"}],"wp:attachment":[{"href":"https:\/\/archive.sana.sy\/tr\/index.php?rest_route=%2Fwp%2Fv2%2Fmedia&parent=324113"}],"wp:term":[{"taxonomy":"category","embeddable":true,"href":"https:\/\/archive.sana.sy\/tr\/index.php?rest_route=%2Fwp%2Fv2%2Fcategories&post=324113"},{"taxonomy":"post_tag","embeddable":true,"href":"https:\/\/archive.sana.sy\/tr\/index.php?rest_route=%2Fwp%2Fv2%2Ftags&post=324113"}],"curies":[{"name":"wp","href":"https:\/\/api.w.org\/{rel}","templated":true}]}}