{"id":324120,"date":"2025-06-29T14:11:45","date_gmt":"2025-06-29T11:11:45","guid":{"rendered":"https:\/\/sana.sy\/tr\/?p=324120"},"modified":"2025-06-29T14:11:45","modified_gmt":"2025-06-29T11:11:45","slug":"idlibin-babska-kasabasinda-ozel-goz-merkezi-hizmete-girdi","status":"publish","type":"post","link":"https:\/\/archive.sana.sy\/tr\/?p=324120","title":{"rendered":"\u0130dlib&#8217;in Babska Kasabas\u0131nda \u00d6zel G\u00f6z Merkezi Hizmete Girdi"},"content":{"rendered":"<p style=\"text-align: justify;\"><strong>\u0130DL\u0130B (SANA) &#8211;<\/strong>\u00a0 Suriye Sa\u011fl\u0131k Bakan\u0131 Dr. Musab El Ali ile \u0130dlib Valisi Muhammed Abdurrahman, bug\u00fcn \u0130dlib ilinin kuzeyinde yer alan Bab El Hava b\u00f6lgesine ba\u011fl\u0131 Babska kasabas\u0131nda El Nur G\u00f6z Hastal\u0131klar\u0131 ve G\u00f6z Cerrahisi Merkezi&#8217;nin a\u00e7\u0131l\u0131\u015f\u0131n\u0131 ger\u00e7ekle\u015ftirdi.<\/p>\n<p style=\"text-align: justify;\">B\u00f6lgedeki ilk uzmanla\u015fm\u0131\u015f merkez olma \u00f6zelli\u011fini ta\u015f\u0131yan tesis, retina cerrahisi ve katarakt tedavisi alanlar\u0131nda \u00fccretsiz ve nitelikli sa\u011fl\u0131k hizmetleri sunuyor.<\/p>\n<p style=\"text-align: justify;\">Merkez, \u00f6zellikle y\u00fcksek ihtiya\u00e7 duyulan b\u00f6lgelerde, kuzey Suriye&#8217;deki uzman sa\u011fl\u0131k hizmetlerinin kalitesini art\u0131rmay\u0131 hedefliyor.<\/p>\n","protected":false},"excerpt":{"rendered":"<p>\u0130DL\u0130B (SANA) &#8211;\u00a0 Suriye Sa\u011fl\u0131k Bakan\u0131 Dr. Musab El Ali ile \u0130dlib Valisi Muhammed Abdurrahman, bug\u00fcn \u0130dlib ilinin kuzeyinde yer alan Bab El Hava b\u00f6lgesine ba\u011fl\u0131 Babska kasabas\u0131nda El Nur G\u00f6z Hastal\u0131klar\u0131 ve G\u00f6z Cerrahisi Merkezi&#8217;nin a\u00e7\u0131l\u0131\u015f\u0131n\u0131 ger\u00e7ekle\u015ftirdi. B\u00f6lgedeki ilk uzmanla\u015fm\u0131\u015f merkez olma \u00f6zelli\u011fini ta\u015f\u0131yan tesis, retina cerrahisi ve katarakt tedavisi alanlar\u0131nda \u00fccretsiz ve nitelikli &hellip;<\/p>\n","protected":false},"author":39,"featured_media":324121,"comment_status":"closed","ping_status":"closed","sticky":false,"template":"","format":"standard","meta":{"footnotes":""},"categories":[589,479,17988,478],"tags":[],"class_list":["post-324120","post","type-post","status-publish","format-standard","has-post-thumbnail","","category-haber-seridi","category-haberler-yerel","category-son-haberler","category-yerel"],"_links":{"self":[{"href":"https:\/\/archive.sana.sy\/tr\/index.php?rest_route=\/wp\/v2\/posts\/324120","targetHints":{"allow":["GET"]}}],"collection":[{"href":"https:\/\/archive.sana.sy\/tr\/index.php?rest_route=\/wp\/v2\/posts"}],"about":[{"href":"https:\/\/archive.sana.sy\/tr\/index.php?rest_route=\/wp\/v2\/types\/post"}],"author":[{"embeddable":true,"href":"https:\/\/archive.sana.sy\/tr\/index.php?rest_route=\/wp\/v2\/users\/39"}],"replies":[{"embeddable":true,"href":"https:\/\/archive.sana.sy\/tr\/index.php?rest_route=%2Fwp%2Fv2%2Fcomments&post=324120"}],"version-history":[{"count":1,"href":"https:\/\/archive.sana.sy\/tr\/index.php?rest_route=\/wp\/v2\/posts\/324120\/revisions"}],"predecessor-version":[{"id":324122,"href":"https:\/\/archive.sana.sy\/tr\/index.php?rest_route=\/wp\/v2\/posts\/324120\/revisions\/324122"}],"wp:featuredmedia":[{"embeddable":true,"href":"https:\/\/archive.sana.sy\/tr\/index.php?rest_route=\/wp\/v2\/media\/324121"}],"wp:attachment":[{"href":"https:\/\/archive.sana.sy\/tr\/index.php?rest_route=%2Fwp%2Fv2%2Fmedia&parent=324120"}],"wp:term":[{"taxonomy":"category","embeddable":true,"href":"https:\/\/archive.sana.sy\/tr\/index.php?rest_route=%2Fwp%2Fv2%2Fcategories&post=324120"},{"taxonomy":"post_tag","embeddable":true,"href":"https:\/\/archive.sana.sy\/tr\/index.php?rest_route=%2Fwp%2Fv2%2Ftags&post=324120"}],"curies":[{"name":"wp","href":"https:\/\/api.w.org\/{rel}","templated":true}]}}