{"id":324131,"date":"2025-06-29T15:31:29","date_gmt":"2025-06-29T12:31:29","guid":{"rendered":"https:\/\/sana.sy\/tr\/?p=324131"},"modified":"2025-06-29T15:31:29","modified_gmt":"2025-06-29T12:31:29","slug":"suriye-ve-fransa-hasarli-koprulerin-bakimi-icin-isbirligi-yapiyor","status":"publish","type":"post","link":"https:\/\/archive.sana.sy\/tr\/?p=324131","title":{"rendered":"Suriye Ve Fransa Hasarl\u0131 K\u00f6pr\u00fclerin Bak\u0131m\u0131 \u0130\u00e7in \u0130\u015fbirli\u011fi Yap\u0131yor"},"content":{"rendered":"<p style=\"text-align: justify;\"><span style=\"color: #ff0000;\"><strong>\u015eAM (SANA)<\/strong> <\/span>&#8211;\u00a0 Suriye Ula\u015ft\u0131rma Bakan\u0131 Yarub Bedir, k\u00f6pr\u00fc yap\u0131m\u0131nda uzmanla\u015fm\u0131\u015f Frans\u0131z \u015firketi Matier&#8217;in M\u00fcd\u00fcr\u00fc Philippe Matier ve beraberindeki heyetle Suriye&#8217;de yol ve k\u00f6pr\u00fclerin yeniden in\u015fas\u0131 ve onar\u0131m\u0131 alan\u0131nda iki <img loading=\"lazy\" decoding=\"async\" class=\"size-full wp-image-324133 alignright\" src=\"http:\/\/sana.sy\/tr\/wp-content\/uploads\/2025\/06\/01-2-1-300x200-1.jpg\" alt=\"\" width=\"300\" height=\"200\" \/>taraf aras\u0131ndaki i\u015f birli\u011fi olas\u0131l\u0131klar\u0131n\u0131 g\u00f6r\u00fc\u015ft\u00fc.<\/p>\n<p style=\"text-align: justify;\">\u015eam&#8217;daki Bakanl\u0131k binas\u0131nda d\u00fczenlenen g\u00f6r\u00fc\u015fmede, Karayolu Ta\u015f\u0131mac\u0131l\u0131\u011f\u0131 Genel Kurumu ile \u015firket aras\u0131nda 2023 y\u0131l\u0131nda imzalanan ve Suriye genelinde 32 k\u00f6pr\u00fcn\u00fcn yeniden in\u015fas\u0131 ve onar\u0131m\u0131n\u0131 hedefleyen kapsaml\u0131 i\u015f birli\u011fi anla\u015fmas\u0131n\u0131n son geli\u015fmeleri ele al\u0131nd\u0131.<\/p>\n<p style=\"text-align: justify;\">Her iki taraf da, \u00f6zellikle son y\u0131llarda bir\u00e7ok k\u00f6pr\u00fcn\u00fcn u\u011frad\u0131\u011f\u0131 hasar \u0131\u015f\u0131\u011f\u0131nda, bu anla\u015fman\u0131n yol altyap\u0131s\u0131n\u0131 desteklemedeki \u00f6nemini vurgulad\u0131.<\/p>\n<p style=\"text-align: justify;\">G\u00f6r\u00fc\u015fmede ayr\u0131ca, anla\u015fman\u0131n, Karayolu Ta\u015f\u0131mac\u0131l\u0131\u011f\u0131 Genel Kurumu ile Frans\u0131z \u015firketi aras\u0131nda olu\u015fturulan teknik komitelerin \u00f6nerilen \u00f6nceliklere g\u00f6re bir toplant\u0131s\u0131yla belirlenecek ek k\u00f6pr\u00fclerin dahil edilmesine a\u00e7\u0131k oldu\u011fu vurguland\u0131.<\/p>\n<p style=\"text-align: justify;\">\u00d6zellikle yeniden in\u015fa a\u015famas\u0131nda deneyimli uluslararas\u0131 \u015firketlerle i\u015f birli\u011finin g\u00fc\u00e7lendirilmesinin \u00f6nemini vurgulayan Bakan Bedir, ula\u015f\u0131m projelerinin uygulanmas\u0131nda en son teknolojilerin uygulanmas\u0131, verimlili\u011fin, kalitenin sa\u011flanmas\u0131 ve tamamlanma h\u0131z\u0131n\u0131n art\u0131r\u0131lmas\u0131 gerekti\u011fine i\u015faret etti.<\/p>\n<p style=\"text-align: justify;\">Mattier ise \u015firketinin k\u00f6pr\u00fc rehabilitasyonu ve in\u015faat\u0131 alan\u0131ndaki teknik uzmanl\u0131\u011f\u0131n\u0131 sunma iste\u011fini dile getirdi ve ger\u00e7ek lansman\u0131n m\u00fcmk\u00fcn olan en k\u0131sa s\u00fcrede ger\u00e7ekle\u015fmesini sa\u011flamak i\u00e7in ilk zaman \u00e7izelgelerinin ve detayl\u0131 \u00e7al\u0131\u015fmalar\u0131n geli\u015ftirilmesi gerekti\u011fini vurgulad\u0131.<\/p>\n","protected":false},"excerpt":{"rendered":"<p>\u015eAM (SANA) &#8211;\u00a0 Suriye Ula\u015ft\u0131rma Bakan\u0131 Yarub Bedir, k\u00f6pr\u00fc yap\u0131m\u0131nda uzmanla\u015fm\u0131\u015f Frans\u0131z \u015firketi Matier&#8217;in M\u00fcd\u00fcr\u00fc Philippe Matier ve beraberindeki heyetle Suriye&#8217;de yol ve k\u00f6pr\u00fclerin yeniden in\u015fas\u0131 ve onar\u0131m\u0131 alan\u0131nda iki taraf aras\u0131ndaki i\u015f birli\u011fi olas\u0131l\u0131klar\u0131n\u0131 g\u00f6r\u00fc\u015ft\u00fc. \u015eam&#8217;daki Bakanl\u0131k binas\u0131nda d\u00fczenlenen g\u00f6r\u00fc\u015fmede, Karayolu Ta\u015f\u0131mac\u0131l\u0131\u011f\u0131 Genel Kurumu ile \u015firket aras\u0131nda 2023 y\u0131l\u0131nda imzalanan ve Suriye genelinde 32 &hellip;<\/p>\n","protected":false},"author":41,"featured_media":324132,"comment_status":"closed","ping_status":"closed","sticky":false,"template":"","format":"standard","meta":{"footnotes":""},"categories":[589,479,17988,478],"tags":[],"class_list":["post-324131","post","type-post","status-publish","format-standard","has-post-thumbnail","","category-haber-seridi","category-haberler-yerel","category-son-haberler","category-yerel"],"_links":{"self":[{"href":"https:\/\/archive.sana.sy\/tr\/index.php?rest_route=\/wp\/v2\/posts\/324131","targetHints":{"allow":["GET"]}}],"collection":[{"href":"https:\/\/archive.sana.sy\/tr\/index.php?rest_route=\/wp\/v2\/posts"}],"about":[{"href":"https:\/\/archive.sana.sy\/tr\/index.php?rest_route=\/wp\/v2\/types\/post"}],"author":[{"embeddable":true,"href":"https:\/\/archive.sana.sy\/tr\/index.php?rest_route=\/wp\/v2\/users\/41"}],"replies":[{"embeddable":true,"href":"https:\/\/archive.sana.sy\/tr\/index.php?rest_route=%2Fwp%2Fv2%2Fcomments&post=324131"}],"version-history":[{"count":1,"href":"https:\/\/archive.sana.sy\/tr\/index.php?rest_route=\/wp\/v2\/posts\/324131\/revisions"}],"predecessor-version":[{"id":324134,"href":"https:\/\/archive.sana.sy\/tr\/index.php?rest_route=\/wp\/v2\/posts\/324131\/revisions\/324134"}],"wp:featuredmedia":[{"embeddable":true,"href":"https:\/\/archive.sana.sy\/tr\/index.php?rest_route=\/wp\/v2\/media\/324132"}],"wp:attachment":[{"href":"https:\/\/archive.sana.sy\/tr\/index.php?rest_route=%2Fwp%2Fv2%2Fmedia&parent=324131"}],"wp:term":[{"taxonomy":"category","embeddable":true,"href":"https:\/\/archive.sana.sy\/tr\/index.php?rest_route=%2Fwp%2Fv2%2Fcategories&post=324131"},{"taxonomy":"post_tag","embeddable":true,"href":"https:\/\/archive.sana.sy\/tr\/index.php?rest_route=%2Fwp%2Fv2%2Ftags&post=324131"}],"curies":[{"name":"wp","href":"https:\/\/api.w.org\/{rel}","templated":true}]}}