{"id":324154,"date":"2025-06-29T16:29:33","date_gmt":"2025-06-29T13:29:33","guid":{"rendered":"https:\/\/sana.sy\/tr\/?p=324154"},"modified":"2025-06-30T16:49:17","modified_gmt":"2025-06-30T13:49:17","slug":"suriye-ve-birlesik-krallik-cesitli-alanlarda-ortak-eylemi-guclendirmeyi-gorustu","status":"publish","type":"post","link":"https:\/\/archive.sana.sy\/tr\/?p=324154","title":{"rendered":"Suriye Ve Birle\u015fik Krall\u0131k \u00c7e\u015fitli Alanlarda Ortak Eylemi G\u00fc\u00e7lendirmeyi G\u00f6r\u00fc\u015ft\u00fc"},"content":{"rendered":"<p style=\"text-align: justify;\"><span style=\"color: #ff0000;\"><strong>\u015eAM (SANA) &#8211;<\/strong><\/span> Suriye D\u0131\u015fi\u015fleri Bakan\u0131 Asaad El \u015eeybani, \u015eam&#8217;da Birle\u015fik Krall\u0131k&#8217;\u0131n Suriye \u00d6zel Temsilcisi \u00a0Anna Snow ile bir araya geldi.<\/p>\n<p style=\"text-align: justify;\">G\u00f6r\u00fc\u015fmede, \u00a0\u00e7e\u015fitli alanlarda ortak eylemi g\u00fc\u00e7lendirmenin ve yeniden yap\u0131lanma a\u015famas\u0131nda Suriye halk\u0131na destek sa\u011flaman\u0131n yollar\u0131 ele al\u0131nd\u0131.<\/p>\n<p><img loading=\"lazy\" decoding=\"async\" class=\"aligncenter wp-image-324156 size-full\" src=\"http:\/\/sana.sy\/tr\/wp-content\/uploads\/2025\/06\/photo_2025-06-29_15-54-33.jpg\" alt=\"\" width=\"1280\" height=\"718\" srcset=\"https:\/\/archive.sana.sy\/tr\/wp-content\/uploads\/2025\/06\/photo_2025-06-29_15-54-33.jpg 1280w, https:\/\/archive.sana.sy\/tr\/wp-content\/uploads\/2025\/06\/photo_2025-06-29_15-54-33-300x168.jpg 300w, https:\/\/archive.sana.sy\/tr\/wp-content\/uploads\/2025\/06\/photo_2025-06-29_15-54-33-1024x574.jpg 1024w, https:\/\/archive.sana.sy\/tr\/wp-content\/uploads\/2025\/06\/photo_2025-06-29_15-54-33-768x431.jpg 768w\" sizes=\"auto, (max-width: 1280px) 100vw, 1280px\" \/><\/p>\n","protected":false},"excerpt":{"rendered":"<p>\u015eAM (SANA) &#8211; Suriye D\u0131\u015fi\u015fleri Bakan\u0131 Asaad El \u015eeybani, \u015eam&#8217;da Birle\u015fik Krall\u0131k&#8217;\u0131n Suriye \u00d6zel Temsilcisi \u00a0Anna Snow ile bir araya geldi. G\u00f6r\u00fc\u015fmede, \u00a0\u00e7e\u015fitli alanlarda ortak eylemi g\u00fc\u00e7lendirmenin ve yeniden yap\u0131lanma a\u015famas\u0131nda Suriye halk\u0131na destek sa\u011flaman\u0131n yollar\u0131 ele al\u0131nd\u0131.<\/p>\n","protected":false},"author":41,"featured_media":324155,"comment_status":"closed","ping_status":"closed","sticky":false,"template":"","format":"standard","meta":{"footnotes":""},"categories":[458,589,459,17988],"tags":[],"class_list":["post-324154","post","type-post","status-publish","format-standard","has-post-thumbnail","","category-dunya1","category-haber-seridi","category-haberler-arap-uluslararasi-politika","category-son-haberler"],"_links":{"self":[{"href":"https:\/\/archive.sana.sy\/tr\/index.php?rest_route=\/wp\/v2\/posts\/324154","targetHints":{"allow":["GET"]}}],"collection":[{"href":"https:\/\/archive.sana.sy\/tr\/index.php?rest_route=\/wp\/v2\/posts"}],"about":[{"href":"https:\/\/archive.sana.sy\/tr\/index.php?rest_route=\/wp\/v2\/types\/post"}],"author":[{"embeddable":true,"href":"https:\/\/archive.sana.sy\/tr\/index.php?rest_route=\/wp\/v2\/users\/41"}],"replies":[{"embeddable":true,"href":"https:\/\/archive.sana.sy\/tr\/index.php?rest_route=%2Fwp%2Fv2%2Fcomments&post=324154"}],"version-history":[{"count":2,"href":"https:\/\/archive.sana.sy\/tr\/index.php?rest_route=\/wp\/v2\/posts\/324154\/revisions"}],"predecessor-version":[{"id":324249,"href":"https:\/\/archive.sana.sy\/tr\/index.php?rest_route=\/wp\/v2\/posts\/324154\/revisions\/324249"}],"wp:featuredmedia":[{"embeddable":true,"href":"https:\/\/archive.sana.sy\/tr\/index.php?rest_route=\/wp\/v2\/media\/324155"}],"wp:attachment":[{"href":"https:\/\/archive.sana.sy\/tr\/index.php?rest_route=%2Fwp%2Fv2%2Fmedia&parent=324154"}],"wp:term":[{"taxonomy":"category","embeddable":true,"href":"https:\/\/archive.sana.sy\/tr\/index.php?rest_route=%2Fwp%2Fv2%2Fcategories&post=324154"},{"taxonomy":"post_tag","embeddable":true,"href":"https:\/\/archive.sana.sy\/tr\/index.php?rest_route=%2Fwp%2Fv2%2Ftags&post=324154"}],"curies":[{"name":"wp","href":"https:\/\/api.w.org\/{rel}","templated":true}]}}