{"id":324184,"date":"2025-06-29T14:49:43","date_gmt":"2025-06-29T11:49:43","guid":{"rendered":"https:\/\/sana.sy\/tr\/?p=324184"},"modified":"2025-06-30T16:40:15","modified_gmt":"2025-06-30T13:40:15","slug":"halk-meclisi-secimleri-yuksek-komitesi-lazkiyede-birkac-aktivistle-bir-araya-geldi","status":"publish","type":"post","link":"https:\/\/archive.sana.sy\/tr\/?p=324184","title":{"rendered":"Halk Meclisi Se\u00e7imleri Y\u00fcksek Komitesi, Lazkiye&#8217;de Birka\u00e7 Aktivistle Bir Araya Geldi"},"content":{"rendered":"<p style=\"text-align: justify;\"><span style=\"color: #ff0000;\"><strong>LAZK\u0130YE (SANA) &#8211;<\/strong><\/span>\u00a0 Halk Meclisi Se\u00e7imleri Y\u00fcksek Komitesi, ge\u00e7ici se\u00e7im sistemini g\u00f6r\u00fc\u015fmek ve kat\u0131l\u0131mc\u0131lar\u0131n se\u00e7im s\u00fcrecini iyile\u015ftirmeye y\u00f6nelik g\u00f6r\u00fc\u015f ve \u00f6nerilerini dinlemek i\u00e7in Lazkiye&#8217;de sosyal, ekonomik, akademik ve dini aktivistlerle bir araya geldi.<\/p>\n<div id='gallery-1' class='gallery galleryid-324184 gallery-columns-1 gallery-size-full'><figure class='gallery-item'>\n\t\t\t<div class='gallery-icon landscape'>\n\t\t\t\t<a href='https:\/\/archive.sana.sy\/tr\/?attachment_id=324185'><img loading=\"lazy\" decoding=\"async\" width=\"660\" height=\"370\" src=\"https:\/\/archive.sana.sy\/tr\/wp-content\/uploads\/2025\/06\/555-5.jpg\" class=\"attachment-full size-full\" alt=\"\" srcset=\"https:\/\/archive.sana.sy\/tr\/wp-content\/uploads\/2025\/06\/555-5.jpg 660w, https:\/\/archive.sana.sy\/tr\/wp-content\/uploads\/2025\/06\/555-5-300x168.jpg 300w\" sizes=\"auto, (max-width: 660px) 100vw, 660px\" \/><\/a>\n\t\t\t<\/div><\/figure>\n\t\t<\/div>\n\n","protected":false},"excerpt":{"rendered":"<p>LAZK\u0130YE (SANA) &#8211;\u00a0 Halk Meclisi Se\u00e7imleri Y\u00fcksek Komitesi, ge\u00e7ici se\u00e7im sistemini g\u00f6r\u00fc\u015fmek ve kat\u0131l\u0131mc\u0131lar\u0131n se\u00e7im s\u00fcrecini iyile\u015ftirmeye y\u00f6nelik g\u00f6r\u00fc\u015f ve \u00f6nerilerini dinlemek i\u00e7in Lazkiye&#8217;de sosyal, ekonomik, akademik ve dini aktivistlerle bir araya geldi.<\/p>\n","protected":false},"author":41,"featured_media":324186,"comment_status":"closed","ping_status":"closed","sticky":false,"template":"","format":"standard","meta":{"footnotes":""},"categories":[589,479,17988,478],"tags":[],"class_list":["post-324184","post","type-post","status-publish","format-standard","has-post-thumbnail","","category-haber-seridi","category-haberler-yerel","category-son-haberler","category-yerel"],"_links":{"self":[{"href":"https:\/\/archive.sana.sy\/tr\/index.php?rest_route=\/wp\/v2\/posts\/324184","targetHints":{"allow":["GET"]}}],"collection":[{"href":"https:\/\/archive.sana.sy\/tr\/index.php?rest_route=\/wp\/v2\/posts"}],"about":[{"href":"https:\/\/archive.sana.sy\/tr\/index.php?rest_route=\/wp\/v2\/types\/post"}],"author":[{"embeddable":true,"href":"https:\/\/archive.sana.sy\/tr\/index.php?rest_route=\/wp\/v2\/users\/41"}],"replies":[{"embeddable":true,"href":"https:\/\/archive.sana.sy\/tr\/index.php?rest_route=%2Fwp%2Fv2%2Fcomments&post=324184"}],"version-history":[{"count":1,"href":"https:\/\/archive.sana.sy\/tr\/index.php?rest_route=\/wp\/v2\/posts\/324184\/revisions"}],"predecessor-version":[{"id":324187,"href":"https:\/\/archive.sana.sy\/tr\/index.php?rest_route=\/wp\/v2\/posts\/324184\/revisions\/324187"}],"wp:featuredmedia":[{"embeddable":true,"href":"https:\/\/archive.sana.sy\/tr\/index.php?rest_route=\/wp\/v2\/media\/324186"}],"wp:attachment":[{"href":"https:\/\/archive.sana.sy\/tr\/index.php?rest_route=%2Fwp%2Fv2%2Fmedia&parent=324184"}],"wp:term":[{"taxonomy":"category","embeddable":true,"href":"https:\/\/archive.sana.sy\/tr\/index.php?rest_route=%2Fwp%2Fv2%2Fcategories&post=324184"},{"taxonomy":"post_tag","embeddable":true,"href":"https:\/\/archive.sana.sy\/tr\/index.php?rest_route=%2Fwp%2Fv2%2Ftags&post=324184"}],"curies":[{"name":"wp","href":"https:\/\/api.w.org\/{rel}","templated":true}]}}