{"id":324189,"date":"2025-06-30T11:34:41","date_gmt":"2025-06-30T08:34:41","guid":{"rendered":"https:\/\/sana.sy\/tr\/?p=324189"},"modified":"2025-06-30T15:14:16","modified_gmt":"2025-06-30T12:14:16","slug":"unhcr-gectigimiz-mayis-ayinda-15-bin-suriyeli-multeci-ulkelerine-geri-dondu","status":"publish","type":"post","link":"https:\/\/archive.sana.sy\/tr\/?p=324189","title":{"rendered":"BMMYK: Ge\u00e7ti\u011fimiz May\u0131s Ay\u0131nda 15 Bin Suriyeli M\u00fclteci \u00dclkelerine Geri D\u00f6nd\u00fc"},"content":{"rendered":"<p style=\"text-align: justify;\"><span style=\"color: #ff0000;\"><strong>AMMAN (SANA) &#8211;<\/strong><\/span> Birle\u015fmi\u015f Milletler M\u00fclteciler Y\u00fcksek Komiserli\u011fi &#8220;BMMYK&#8221;, may\u0131s ay\u0131nda kay\u0131tl\u0131 15 binden fazla Suriyeli m\u00fcltecinin \u00fclkelerine d\u00f6nd\u00fc\u011f\u00fcn\u00fc, bunun bir \u00f6nceki aya g\u00f6re y\u00fczde 45 art\u0131\u015f oldu\u011funu ilan etti.<\/p>\n<p style=\"text-align: justify;\">BM M\u00fclteciler Y\u00fcksek Komiserli\u011fi, \u00dcrd\u00fcnl\u00fc El Mamlaka televizyonunun internet sitesinde yay\u0131mlad\u0131\u011f\u0131 raporda, ge\u00e7en nisan ay\u0131nda 10 bin 500 Suriyeli m\u00fcltecinin \u00fclkelerine geri d\u00f6nd\u00fc\u011f\u00fcn\u00fc, 8 Aral\u0131k&#8217;tan may\u0131s sonuna kadar \u00dcrd\u00fcn&#8217;den Suriye&#8217;ye d\u00f6nen m\u00fclteci say\u0131s\u0131n\u0131n yakla\u015f\u0131k 75 bin 500 oldu\u011funu a\u00e7\u0131klad\u0131.<\/p>\n<p style=\"text-align: justify;\">Komisyon, raporunda, May\u0131s ay\u0131 i\u00e7erisinde binlerce m\u00fcltecinin topluluklardan ve kamplardan Suriye&#8217;ye transferini organize ederek, geri d\u00f6nmek isteyen m\u00fcltecilere destek vermeye devam etti\u011fini belirtti.<\/p>\n","protected":false},"excerpt":{"rendered":"<p>AMMAN (SANA) &#8211; Birle\u015fmi\u015f Milletler M\u00fclteciler Y\u00fcksek Komiserli\u011fi &#8220;BMMYK&#8221;, may\u0131s ay\u0131nda kay\u0131tl\u0131 15 binden fazla Suriyeli m\u00fcltecinin \u00fclkelerine d\u00f6nd\u00fc\u011f\u00fcn\u00fc, bunun bir \u00f6nceki aya g\u00f6re y\u00fczde 45 art\u0131\u015f oldu\u011funu ilan etti. BM M\u00fclteciler Y\u00fcksek Komiserli\u011fi, \u00dcrd\u00fcnl\u00fc El Mamlaka televizyonunun internet sitesinde yay\u0131mlad\u0131\u011f\u0131 raporda, ge\u00e7en nisan ay\u0131nda 10 bin 500 Suriyeli m\u00fcltecinin \u00fclkelerine geri d\u00f6nd\u00fc\u011f\u00fcn\u00fc, 8 Aral\u0131k&#8217;tan &hellip;<\/p>\n","protected":false},"author":36,"featured_media":324208,"comment_status":"closed","ping_status":"closed","sticky":false,"template":"","format":"standard","meta":{"footnotes":""},"categories":[458,589,459,17988],"tags":[],"class_list":["post-324189","post","type-post","status-publish","format-standard","has-post-thumbnail","","category-dunya1","category-haber-seridi","category-haberler-arap-uluslararasi-politika","category-son-haberler"],"_links":{"self":[{"href":"https:\/\/archive.sana.sy\/tr\/index.php?rest_route=\/wp\/v2\/posts\/324189","targetHints":{"allow":["GET"]}}],"collection":[{"href":"https:\/\/archive.sana.sy\/tr\/index.php?rest_route=\/wp\/v2\/posts"}],"about":[{"href":"https:\/\/archive.sana.sy\/tr\/index.php?rest_route=\/wp\/v2\/types\/post"}],"author":[{"embeddable":true,"href":"https:\/\/archive.sana.sy\/tr\/index.php?rest_route=\/wp\/v2\/users\/36"}],"replies":[{"embeddable":true,"href":"https:\/\/archive.sana.sy\/tr\/index.php?rest_route=%2Fwp%2Fv2%2Fcomments&post=324189"}],"version-history":[{"count":2,"href":"https:\/\/archive.sana.sy\/tr\/index.php?rest_route=\/wp\/v2\/posts\/324189\/revisions"}],"predecessor-version":[{"id":324217,"href":"https:\/\/archive.sana.sy\/tr\/index.php?rest_route=\/wp\/v2\/posts\/324189\/revisions\/324217"}],"wp:featuredmedia":[{"embeddable":true,"href":"https:\/\/archive.sana.sy\/tr\/index.php?rest_route=\/wp\/v2\/media\/324208"}],"wp:attachment":[{"href":"https:\/\/archive.sana.sy\/tr\/index.php?rest_route=%2Fwp%2Fv2%2Fmedia&parent=324189"}],"wp:term":[{"taxonomy":"category","embeddable":true,"href":"https:\/\/archive.sana.sy\/tr\/index.php?rest_route=%2Fwp%2Fv2%2Fcategories&post=324189"},{"taxonomy":"post_tag","embeddable":true,"href":"https:\/\/archive.sana.sy\/tr\/index.php?rest_route=%2Fwp%2Fv2%2Ftags&post=324189"}],"curies":[{"name":"wp","href":"https:\/\/api.w.org\/{rel}","templated":true}]}}