{"id":324202,"date":"2025-06-30T09:24:13","date_gmt":"2025-06-30T06:24:13","guid":{"rendered":"https:\/\/sana.sy\/tr\/?p=324202"},"modified":"2025-06-30T15:16:15","modified_gmt":"2025-06-30T12:16:15","slug":"thomas-barak-suriyedeki-zorluklar-cok-buyuk-ancak-suriye-halki-gelecegi-insa-etme-kapasitesine-sahip","status":"publish","type":"post","link":"https:\/\/archive.sana.sy\/tr\/?p=324202","title":{"rendered":"Thomas Barak: Suriye&#8217;deki Zorluklar \u00c7ok B\u00fcy\u00fck, Ancak Suriye Halk\u0131 Gelece\u011fi \u0130n\u015fa Etme Kapasitesine Sahiptir"},"content":{"rendered":"<p style=\"text-align: justify;\"><strong><span style=\"color: #ff0000;\">ANKARA (SANA)<\/span> \u2013<\/strong> ABD\u2019nin Suriye \u00d6zel Temsilcisi Thomas Barak, Suriye\u2019deki zorluklar\u0131n a\u00e7\u0131k ve \u00e7ok b\u00fcy\u00fck oldu\u011funu, ancak devrik Esad rejimini deviren Suriye halk\u0131n\u0131n uyum sa\u011flama ve bir gelecek in\u015fa etme kapasitesine sahip oldu\u011funu vurgulayarak, yeni Suriye y\u00f6netimine devleti in\u015fa etme \u015fans\u0131 verilmesi \u00e7a\u011fr\u0131s\u0131nda bulundu.<\/p>\n<p style=\"text-align: justify;\">Barak, Al Jazeera\u2019ya verdi\u011fi r\u00f6portajda, ABD&#8217;nin Suriye&#8217;deki rejim de\u011fi\u015fikli\u011fiyle hi\u00e7bir ilgisi olmad\u0131\u011f\u0131n\u0131, aksine Suriye halk\u0131n\u0131n yeni bir hayat ve ya\u015fam tarz\u0131 aray\u0131\u015f\u0131n\u0131n bir par\u00e7as\u0131 olarak Esad rejimini devirdi\u011fini belirtti. \u201cSuriye&#8217;deki mevcut y\u00f6netim bir f\u0131rsat\u0131 temsil ediyor ve ona bir \u015fans vermeliyiz. Bu y\u00fczden ABD Ba\u015fkan\u0131 Donald Trump, Suriyelilerin \u00fclkelerini yeniden in\u015fa etmelerine destek olmak amac\u0131yla 14 May\u0131s&#8217;ta Suriye&#8217;ye uygulanan yapt\u0131r\u0131mlar\u0131 kald\u0131rma y\u00f6n\u00fcnde cesur bir karar ald\u0131\u201d dedi.<\/p>\n<p style=\"text-align: justify;\">Barak ayr\u0131ca, Suriye&#8217;deki zorluklar\u0131n a\u00e7\u0131k ve b\u00fcy\u00fck oldu\u011funu, 2011&#8217;den bu yana y\u0131k\u0131m ve tahribat\u0131n ya\u015fand\u0131\u011f\u0131n\u0131 ve altyap\u0131n\u0131n tahrip edildi\u011fini, bankac\u0131l\u0131k ve sa\u011fl\u0131k sisteminin olmad\u0131\u011f\u0131n\u0131 belirtirken, herkesi, \u00f6zellikle K\u00f6rfez \u00fclkelerini ve T\u00fcrkiye&#8217;yi Suriye h\u00fck\u00fcmetiyle i\u015fbirli\u011fi yapmaya \u00e7a\u011f\u0131rd\u0131 ve Suriye Demokratik G\u00fc\u00e7leri&#8217;nin Suriye devletine entegre edilmesi gereklili\u011fine i\u015faret etti.<\/p>\n<p style=\"text-align: justify;\">\u00d6zel Temsilci, Suriye halk\u0131n\u0131n herkesi kapsayan ve inan\u0131lmaz bir uyum sa\u011flama ile gelecek in\u015fa etme kapasitesine sahip g\u00fczel bir toplumsal mozai\u011fe sahip oldu\u011funu belirtti. Suriye\u2019nin hem kom\u015fu \u00fclkelerle ili\u015fkilerini s\u00fcrd\u00fcrmesi, hem de kendi yolunu, kendi devletini ve kendi ordusunu bulmas\u0131 gerekti\u011fini vurgulad\u0131.<\/p>\n<p style=\"text-align: justify;\">Barak, ABD\u2019nin istikrar\u0131 destekleme ve ter\u00f6r \u00f6rg\u00fct\u00fc I\u015e\u0130D\u2019le m\u00fccadeleye odakl\u0131 misyonunun ba\u015far\u0131s\u0131 nedeniyle Suriye\u2019nin kuzeydo\u011fusundaki \u00fcslerinin say\u0131s\u0131n\u0131 azaltmaya ba\u015flad\u0131\u011f\u0131n\u0131 da a\u00e7\u0131klad\u0131.<\/p>\n","protected":false},"excerpt":{"rendered":"<p>ANKARA (SANA) \u2013 ABD\u2019nin Suriye \u00d6zel Temsilcisi Thomas Barak, Suriye\u2019deki zorluklar\u0131n a\u00e7\u0131k ve \u00e7ok b\u00fcy\u00fck oldu\u011funu, ancak devrik Esad rejimini deviren Suriye halk\u0131n\u0131n uyum sa\u011flama ve bir gelecek in\u015fa etme kapasitesine sahip oldu\u011funu vurgulayarak, yeni Suriye y\u00f6netimine devleti in\u015fa etme \u015fans\u0131 verilmesi \u00e7a\u011fr\u0131s\u0131nda bulundu. Barak, Al Jazeera\u2019ya verdi\u011fi r\u00f6portajda, ABD&#8217;nin Suriye&#8217;deki rejim de\u011fi\u015fikli\u011fiyle hi\u00e7bir ilgisi &hellip;<\/p>\n","protected":false},"author":39,"featured_media":324203,"comment_status":"closed","ping_status":"closed","sticky":false,"template":"","format":"standard","meta":{"footnotes":""},"categories":[458,589,459,17988],"tags":[],"class_list":["post-324202","post","type-post","status-publish","format-standard","has-post-thumbnail","","category-dunya1","category-haber-seridi","category-haberler-arap-uluslararasi-politika","category-son-haberler"],"_links":{"self":[{"href":"https:\/\/archive.sana.sy\/tr\/index.php?rest_route=\/wp\/v2\/posts\/324202","targetHints":{"allow":["GET"]}}],"collection":[{"href":"https:\/\/archive.sana.sy\/tr\/index.php?rest_route=\/wp\/v2\/posts"}],"about":[{"href":"https:\/\/archive.sana.sy\/tr\/index.php?rest_route=\/wp\/v2\/types\/post"}],"author":[{"embeddable":true,"href":"https:\/\/archive.sana.sy\/tr\/index.php?rest_route=\/wp\/v2\/users\/39"}],"replies":[{"embeddable":true,"href":"https:\/\/archive.sana.sy\/tr\/index.php?rest_route=%2Fwp%2Fv2%2Fcomments&post=324202"}],"version-history":[{"count":5,"href":"https:\/\/archive.sana.sy\/tr\/index.php?rest_route=\/wp\/v2\/posts\/324202\/revisions"}],"predecessor-version":[{"id":324219,"href":"https:\/\/archive.sana.sy\/tr\/index.php?rest_route=\/wp\/v2\/posts\/324202\/revisions\/324219"}],"wp:featuredmedia":[{"embeddable":true,"href":"https:\/\/archive.sana.sy\/tr\/index.php?rest_route=\/wp\/v2\/media\/324203"}],"wp:attachment":[{"href":"https:\/\/archive.sana.sy\/tr\/index.php?rest_route=%2Fwp%2Fv2%2Fmedia&parent=324202"}],"wp:term":[{"taxonomy":"category","embeddable":true,"href":"https:\/\/archive.sana.sy\/tr\/index.php?rest_route=%2Fwp%2Fv2%2Fcategories&post=324202"},{"taxonomy":"post_tag","embeddable":true,"href":"https:\/\/archive.sana.sy\/tr\/index.php?rest_route=%2Fwp%2Fv2%2Ftags&post=324202"}],"curies":[{"name":"wp","href":"https:\/\/api.w.org\/{rel}","templated":true}]}}