{"id":324214,"date":"2025-06-30T14:37:06","date_gmt":"2025-06-30T11:37:06","guid":{"rendered":"https:\/\/sana.sy\/tr\/?p=324214"},"modified":"2025-06-30T14:41:18","modified_gmt":"2025-06-30T11:41:18","slug":"suriye-icisleri-bakani-ingiliz-hukumet-heyetiyle-isbirligini-gorustu","status":"publish","type":"post","link":"https:\/\/archive.sana.sy\/tr\/?p=324214","title":{"rendered":"Suriye \u0130\u00e7i\u015fleri Bakan\u0131, \u0130ngiliz H\u00fck\u00fcmet Heyetiyle \u0130\u015fbirli\u011fini G\u00f6r\u00fc\u015ft\u00fc"},"content":{"rendered":"<p style=\"text-align: justify;\"><strong>\u015eAM (SANA) &#8211;<\/strong> Suriye \u0130\u00e7i\u015fleri Bakan\u0131 Anas Hattab, \u0130ngiltere&#8217;nin Suriye \u00d6zel Temsilcisi Anne Snow ba\u015fkanl\u0131\u011f\u0131ndaki resmi \u0130ngiliz h\u00fck\u00fcmet heyetini kabul etti.<\/p>\n<p style=\"text-align: justify;\">\u0130ngiliz heyetinin resmi ziyareti, Suriye Arap Cumhuriyeti ile Birle\u015fik Krall\u0131k aras\u0131ndaki i\u015fbirli\u011fini art\u0131rmak ve ikili ili\u015fkileri geli\u015ftirmek, ortak \u00e7\u0131karlar\u0131n ger\u00e7ekle\u015ftirilmesine katk\u0131da bulunmak ve b\u00f6lgesel istikrar\u0131 g\u00fc\u00e7lendirmek amac\u0131n\u0131 ta\u015f\u0131yor.<\/p>\n","protected":false},"excerpt":{"rendered":"<p>\u015eAM (SANA) &#8211; Suriye \u0130\u00e7i\u015fleri Bakan\u0131 Anas Hattab, \u0130ngiltere&#8217;nin Suriye \u00d6zel Temsilcisi Anne Snow ba\u015fkanl\u0131\u011f\u0131ndaki resmi \u0130ngiliz h\u00fck\u00fcmet heyetini kabul etti. \u0130ngiliz heyetinin resmi ziyareti, Suriye Arap Cumhuriyeti ile Birle\u015fik Krall\u0131k aras\u0131ndaki i\u015fbirli\u011fini art\u0131rmak ve ikili ili\u015fkileri geli\u015ftirmek, ortak \u00e7\u0131karlar\u0131n ger\u00e7ekle\u015ftirilmesine katk\u0131da bulunmak ve b\u00f6lgesel istikrar\u0131 g\u00fc\u00e7lendirmek amac\u0131n\u0131 ta\u015f\u0131yor.<\/p>\n","protected":false},"author":39,"featured_media":0,"comment_status":"closed","ping_status":"closed","sticky":false,"template":"","format":"standard","meta":{"footnotes":""},"categories":[1],"tags":[],"class_list":["post-324214","post","type-post","status-publish","format-standard","","category-news-not-sorted"],"_links":{"self":[{"href":"https:\/\/archive.sana.sy\/tr\/index.php?rest_route=\/wp\/v2\/posts\/324214","targetHints":{"allow":["GET"]}}],"collection":[{"href":"https:\/\/archive.sana.sy\/tr\/index.php?rest_route=\/wp\/v2\/posts"}],"about":[{"href":"https:\/\/archive.sana.sy\/tr\/index.php?rest_route=\/wp\/v2\/types\/post"}],"author":[{"embeddable":true,"href":"https:\/\/archive.sana.sy\/tr\/index.php?rest_route=\/wp\/v2\/users\/39"}],"replies":[{"embeddable":true,"href":"https:\/\/archive.sana.sy\/tr\/index.php?rest_route=%2Fwp%2Fv2%2Fcomments&post=324214"}],"version-history":[{"count":1,"href":"https:\/\/archive.sana.sy\/tr\/index.php?rest_route=\/wp\/v2\/posts\/324214\/revisions"}],"predecessor-version":[{"id":324216,"href":"https:\/\/archive.sana.sy\/tr\/index.php?rest_route=\/wp\/v2\/posts\/324214\/revisions\/324216"}],"wp:attachment":[{"href":"https:\/\/archive.sana.sy\/tr\/index.php?rest_route=%2Fwp%2Fv2%2Fmedia&parent=324214"}],"wp:term":[{"taxonomy":"category","embeddable":true,"href":"https:\/\/archive.sana.sy\/tr\/index.php?rest_route=%2Fwp%2Fv2%2Fcategories&post=324214"},{"taxonomy":"post_tag","embeddable":true,"href":"https:\/\/archive.sana.sy\/tr\/index.php?rest_route=%2Fwp%2Fv2%2Ftags&post=324214"}],"curies":[{"name":"wp","href":"https:\/\/api.w.org\/{rel}","templated":true}]}}