{"id":324220,"date":"2025-06-30T15:23:28","date_gmt":"2025-06-30T12:23:28","guid":{"rendered":"https:\/\/sana.sy\/tr\/?p=324220"},"modified":"2025-07-01T18:42:13","modified_gmt":"2025-07-01T15:42:13","slug":"cumhurbaskani-el-saranin-himayesinde-enformasyon-bakanligi-ile-el-maha-uluslararasi-sirketi-arasinda-mutabakat-zapti-imzalandi","status":"publish","type":"post","link":"https:\/\/archive.sana.sy\/tr\/?p=324220","title":{"rendered":"Cumhurba\u015fkan\u0131 El \u015eara&#8217;n\u0131n Himayesinde \u2026 Enformasyon Bakanl\u0131\u011f\u0131 \u0130le El Maha Uluslararas\u0131 \u015eirketi Aras\u0131nda Mutabakat Zapt\u0131 \u0130mzaland\u0131"},"content":{"rendered":"<p style=\"text-align: justify;\"><span style=\"color: #ff0000;\"><strong>\u015eAM (SANA)<\/strong><\/span> &#8211; Cumhurba\u015fkan\u0131 Say\u0131n Ahmed El \u015eara&#8217;n\u0131n huzurunda, Enformasyon Bakanl\u0131\u011f\u0131 ile El Maha <img loading=\"lazy\" decoding=\"async\" class=\"size-full wp-image-324226 alignright\" src=\"http:\/\/sana.sy\/tr\/wp-content\/uploads\/2025\/06\/\u0628\u0631\u0639\u0627\u064a\u0629-\u0627\u0644\u0633\u064a\u062f-\u0627\u0644\u0631\u0626\u064a\u0633-300x168-1.png\" alt=\"\" width=\"300\" height=\"168\" \/>Uluslararas\u0131 \u015eirketi aras\u0131nda Suriye&#8217;de medya ve sanat prod\u00fcksiyonu i\u00e7in &#8220;\u015eam Kap\u0131s\u0131&#8221; kentinin kurulmas\u0131 amac\u0131yla bug\u00fcn bir mutabakat zapt\u0131 imzaland\u0131.<\/p>\n<p style=\"text-align: justify;\">Enformasyon Bakan\u0131 Hamza El Mustafa, \u015eam&#8217;daki Halk Saray\u0131&#8217;nda mutabakat zapt\u0131n\u0131n imza t\u00f6reni s\u0131ras\u0131nda yapt\u0131\u011f\u0131 konu\u015fmada \u015funlar\u0131 s\u00f6yledi: \u2018\u2019Bug\u00fcn, Enformasyon Bakanl\u0131\u011f\u0131 ile El Maha Uluslararas\u0131 Sanat Prod\u00fcksiyon \u015eirketi aras\u0131nda, Suriye&#8217;de medya, film ve turizm prod\u00fcksiyon \u015fehri i\u00e7in ilk entegre proje olan \u015eam Kap\u0131s\u0131 adl\u0131 gelecek vaat eden stratejik bir projeyi ba\u015flatmak i\u00e7in bir mutabakat zapt\u0131 imzal\u0131yoruz.\u2019\u2019<\/p>\n<p style=\"text-align: justify;\">Enformasyon Bakan\u0131 ayr\u0131ca \u015fu ifadeleri kulland\u0131: \u2018\u2019Bu b\u00fcy\u00fck projenin maliyetinin en az bir bu\u00e7uk milyar ABD dolar\u0131 <img loading=\"lazy\" decoding=\"async\" class=\"size-full wp-image-324227 alignright\" src=\"http:\/\/sana.sy\/tr\/wp-content\/uploads\/2025\/06\/photo_2025-06-30_14-49-53-300x226-1.jpg\" alt=\"\" width=\"300\" height=\"226\" \/>oldu\u011fu tahmin ediliyor. Bu, devletin derin bir kalk\u0131nma etkisine sahip kaliteli projeleri \u00e7ekme stratejik y\u00f6nelimi \u00e7er\u00e7evesinde yer al\u0131yor.\u2019\u2019<\/p>\n<p style=\"text-align: justify;\">\u2018\u2019\u015eam&#8217;da yakla\u015f\u0131k 2 milyon metrekarelik bir alana in\u015fa edilecek projede, Arap ve \u0130slam \u015fehirlerinin tarihi mimarisini taklit eden a\u00e7\u0131k hava st\u00fcdyolar\u0131n\u0131n yan\u0131 s\u0131ra, son yay\u0131n teknolojisiyle donat\u0131lm\u0131\u015f kapal\u0131 st\u00fcdyolar da yer alacak\u2019\u2019 \u00e7\u0131klamas\u0131nda bulunan bakan El Mustafa \u015f\u00f6yle devan etti: \u2018\u2019 Enformasyon Bakan\u0131: \u015eam&#8217;da yakla\u015f\u0131k 2 milyon metrekarelik bir alana in\u015fa edilecek projede, Arap ve \u0130slam \u015fehirlerinin tarihi mimarisini taklit eden a\u00e7\u0131k hava st\u00fcdyolar\u0131n\u0131n yan\u0131 s\u0131ra, son yay\u0131n teknolojisiyle donat\u0131lm\u0131\u015f kapal\u0131 st\u00fcdyolar da yer alacak.\u2019\u2019<\/p>\n<p style=\"text-align: justify;\">El Mustafa konu\u015fmas\u0131nda da, \u2018\u2019 Suriye medyas\u0131n\u0131n yeni Suriye&#8217;nin kalk\u0131nmas\u0131nda ortak ve ifade arac\u0131 olmas\u0131n\u0131 istiyoruz\u2019\u2019 ifadelerini s\u00f6zlerine ekledi.<\/p>\n<p style=\"text-align: justify;\">Enformasyon Bakan\u0131, projenin 4.000&#8217;den fazla do\u011frudan i\u015f f\u0131rsat\u0131 ve 9.000 mevsimlik i\u015f f\u0131rsat\u0131 sa\u011flamas\u0131n\u0131n beklendi\u011fini belirtirken de,\u00a0 Suriye medyas\u0131n\u0131n kalk\u0131nmada bir ortak ve yeni Suriye&#8217;nin bir ifadesi olmas\u0131n\u0131 sa\u011flama <img loading=\"lazy\" decoding=\"async\" class=\"size-full wp-image-324228 alignright\" src=\"http:\/\/sana.sy\/tr\/wp-content\/uploads\/2025\/06\/photo_2025-06-30_15-04-07-300x200-1.jpg\" alt=\"\" width=\"300\" height=\"200\" \/>taahh\u00fcd\u00fcn\u00fc vurgulad\u0131.<\/p>\n<p style=\"text-align: justify;\">El Maha Uluslararas\u0131 \u015eirketi Y\u00f6netim Kurulu Ba\u015fkan\u0131 Mohammed El Anzi yapt\u0131\u011f\u0131 konu\u015fmada \u015funlar\u0131 kaydetti: \u2018\u2019Kendim,\u00a0 El Maha Uluslararas\u0131 \u015eirketi ve \u015eam Kap\u0131s\u0131 \u015eehri projesi \u00fczerinde \u00e7al\u0131\u015fan ekip ad\u0131na, yeni bir Suriye in\u015fa etme yolculu\u011funda bu tarihi olay\u0131 sizinle payla\u015fmaktan onur duyuyorum. T\u00fcm Suriyelileri \u00fclkelerinin kurtulu\u015fu, onlara geri d\u00f6n\u00fc\u015f\u00fc ve bizim de kucakla\u015fmam\u0131za geri d\u00f6n\u00fc\u015fleri i\u00e7in kutluyorum.\u2019\u2019<\/p>\n<p style=\"text-align: justify;\">El Anzi ayr\u0131ca, \u2018\u2019Suriye Cumhurba\u015fkanl\u0131\u011f\u0131na, h\u00fck\u00fcmetine ve Enformasyon Bakanl\u0131\u011f\u0131&#8217;na, devletin yarat\u0131c\u0131l\u0131\u011fa a\u00e7\u0131kl\u0131k de\u011ferlerine ve f\u0131rsatlar\u0131 ba\u015far\u0131ya d\u00f6n\u00fc\u015ft\u00fcrme taahh\u00fcd\u00fcne dayanan ruhunu yans\u0131tan s\u0131cak kar\u015f\u0131lamalar\u0131 i\u00e7in i\u00e7ten te\u015fekk\u00fcrlerimi sunuyorum\u2019\u2019 ifadelerini s\u00f6zlerine ekledi.<\/p>\n<p style=\"text-align: justify;\">El Anzi konu\u015fmas\u0131n\u0131 \u015fu ifadelerle tamamlad\u0131: \u2018\u2019Bu saraydan kilometrelerce uzakta, insanl\u0131\u011f\u0131n bildi\u011fi ilk alfabe do\u011fdu. Bu topraklarda, insanlar ilk harfleri yazd\u0131lar ve bu harfler daha sonra medeniyetlere ve \u0131\u015f\u0131\u011f\u0131 zihinlere ve milletlere rehberlik etmeye devam eden bir insan miras\u0131na d\u00f6n\u00fc\u015ft\u00fc. Buradan, \u015eam&#8217;dan, Suriye halk\u0131n\u0131n iradesinden ilham alarak k\u00fclt\u00fcrel projemizi ba\u015flat\u0131yoruz.\u2019\u2019<\/p>\n","protected":false},"excerpt":{"rendered":"<p>\u015eAM (SANA) &#8211; Cumhurba\u015fkan\u0131 Say\u0131n Ahmed El \u015eara&#8217;n\u0131n huzurunda, Enformasyon Bakanl\u0131\u011f\u0131 ile El Maha Uluslararas\u0131 \u015eirketi aras\u0131nda Suriye&#8217;de medya ve sanat prod\u00fcksiyonu i\u00e7in &#8220;\u015eam Kap\u0131s\u0131&#8221; kentinin kurulmas\u0131 amac\u0131yla bug\u00fcn bir mutabakat zapt\u0131 imzaland\u0131. Enformasyon Bakan\u0131 Hamza El Mustafa, \u015eam&#8217;daki Halk Saray\u0131&#8217;nda mutabakat zapt\u0131n\u0131n imza t\u00f6reni s\u0131ras\u0131nda yapt\u0131\u011f\u0131 konu\u015fmada \u015funlar\u0131 s\u00f6yledi: \u2018\u2019Bug\u00fcn, Enformasyon Bakanl\u0131\u011f\u0131 ile El &hellip;<\/p>\n","protected":false},"author":41,"featured_media":324221,"comment_status":"closed","ping_status":"closed","sticky":false,"template":"","format":"standard","meta":{"footnotes":""},"categories":[589,479,17988,478],"tags":[],"class_list":["post-324220","post","type-post","status-publish","format-standard","has-post-thumbnail","","category-haber-seridi","category-haberler-yerel","category-son-haberler","category-yerel"],"_links":{"self":[{"href":"https:\/\/archive.sana.sy\/tr\/index.php?rest_route=\/wp\/v2\/posts\/324220","targetHints":{"allow":["GET"]}}],"collection":[{"href":"https:\/\/archive.sana.sy\/tr\/index.php?rest_route=\/wp\/v2\/posts"}],"about":[{"href":"https:\/\/archive.sana.sy\/tr\/index.php?rest_route=\/wp\/v2\/types\/post"}],"author":[{"embeddable":true,"href":"https:\/\/archive.sana.sy\/tr\/index.php?rest_route=\/wp\/v2\/users\/41"}],"replies":[{"embeddable":true,"href":"https:\/\/archive.sana.sy\/tr\/index.php?rest_route=%2Fwp%2Fv2%2Fcomments&post=324220"}],"version-history":[{"count":6,"href":"https:\/\/archive.sana.sy\/tr\/index.php?rest_route=\/wp\/v2\/posts\/324220\/revisions"}],"predecessor-version":[{"id":324230,"href":"https:\/\/archive.sana.sy\/tr\/index.php?rest_route=\/wp\/v2\/posts\/324220\/revisions\/324230"}],"wp:featuredmedia":[{"embeddable":true,"href":"https:\/\/archive.sana.sy\/tr\/index.php?rest_route=\/wp\/v2\/media\/324221"}],"wp:attachment":[{"href":"https:\/\/archive.sana.sy\/tr\/index.php?rest_route=%2Fwp%2Fv2%2Fmedia&parent=324220"}],"wp:term":[{"taxonomy":"category","embeddable":true,"href":"https:\/\/archive.sana.sy\/tr\/index.php?rest_route=%2Fwp%2Fv2%2Fcategories&post=324220"},{"taxonomy":"post_tag","embeddable":true,"href":"https:\/\/archive.sana.sy\/tr\/index.php?rest_route=%2Fwp%2Fv2%2Ftags&post=324220"}],"curies":[{"name":"wp","href":"https:\/\/api.w.org\/{rel}","templated":true}]}}