{"id":324244,"date":"2025-06-30T12:39:27","date_gmt":"2025-06-30T09:39:27","guid":{"rendered":"https:\/\/sana.sy\/tr\/?p=324244"},"modified":"2025-07-01T18:41:27","modified_gmt":"2025-07-01T15:41:27","slug":"el-seybani-uluslararasi-goc-orgutu-ile-is-birliginin-guclendirilmesi-konusunda-gorustu","status":"publish","type":"post","link":"https:\/\/archive.sana.sy\/tr\/?p=324244","title":{"rendered":"El \u015eeybani Uluslararas\u0131 G\u00f6\u00e7 \u00d6rg\u00fct\u00fc \u0130le \u0130\u015f Birli\u011finin G\u00fc\u00e7lendirilmesini G\u00f6r\u00fc\u015ft\u00fc"},"content":{"rendered":"<p style=\"text-align: justify;\"><strong><span style=\"color: #ff0000;\">\u015eAM (SANA)<\/span> <\/strong>&#8211; D\u0131\u015fi\u015fleri ve Gurbet\u00e7iler Bakan\u0131 Asaad El\u015eeybani bug\u00fcn Uluslararas\u0131 G\u00f6\u00e7 \u00d6rg\u00fct\u00fc&#8217;nden (IOM) bir heyetle, aralar\u0131nda K\u0131demli Yetkili Muhammed Abdulkadir ve Orta Do\u011fu ve Kuzey Afrika B\u00f6lge Direkt\u00f6r\u00fc Osman Belbisi&#8217;nin de bulundu\u011fu bir heyetle \u015eam&#8217;daki bakanl\u0131k merkezinde bir araya geldi.<\/p>\n<p style=\"text-align: justify;\">G\u00f6r\u00fc\u015fmede Suriye ile IOM aras\u0131ndaki mevcut i\u015f birli\u011fi ve \u00f6zellikle m\u00fclteciler, g\u00f6\u00e7menler, kalk\u0131nma ve altyap\u0131 iyile\u015ftirme alanlar\u0131nda kar\u015f\u0131l\u0131kl\u0131 ilgi duyulan konulara hizmet edecek \u015fekilde bu i\u015f birli\u011finin nas\u0131l geli\u015ftirilece\u011fi ele al\u0131nd\u0131.<\/p>\n<p style=\"text-align: justify;\">\u0130ki taraf ayr\u0131ca i\u00e7 g\u00f6\u00e7 etmi\u015f Suriyelilerin durumunu da g\u00f6r\u00fc\u015ft\u00fc ve Bakan El \u015eeybanibu kesimin artan insani ve lojistik zorluklar \u0131\u015f\u0131\u011f\u0131nda Suriye h\u00fck\u00fcmeti i\u00e7in en \u00f6nemli \u00f6nceliklerden biri oldu\u011funu vurgulad\u0131.<\/p>\n<p style=\"text-align: justify;\">IOM, yerinden edilmi\u015f ki\u015filere destek sa\u011flamay\u0131 ve ya\u015fam ko\u015fullar\u0131n\u0131 iyile\u015ftirmeyi ama\u00e7layan \u00e7abalar\u0131n\u0131 ve programlar\u0131n\u0131 g\u00f6zden ge\u00e7irerek, etkilenen gruplar\u0131n ihtiya\u00e7lar\u0131na etkili bir yan\u0131t sa\u011flamak amac\u0131yla ilgili Suriye makamlar\u0131yla s\u00fcrekli i\u015f birli\u011fi ve koordinasyona olan ba\u011fl\u0131l\u0131\u011f\u0131n\u0131 teyit etti.<\/p>\n","protected":false},"excerpt":{"rendered":"<p>\u015eAM (SANA) &#8211; D\u0131\u015fi\u015fleri ve Gurbet\u00e7iler Bakan\u0131 Asaad El\u015eeybani bug\u00fcn Uluslararas\u0131 G\u00f6\u00e7 \u00d6rg\u00fct\u00fc&#8217;nden (IOM) bir heyetle, aralar\u0131nda K\u0131demli Yetkili Muhammed Abdulkadir ve Orta Do\u011fu ve Kuzey Afrika B\u00f6lge Direkt\u00f6r\u00fc Osman Belbisi&#8217;nin de bulundu\u011fu bir heyetle \u015eam&#8217;daki bakanl\u0131k merkezinde bir araya geldi. G\u00f6r\u00fc\u015fmede Suriye ile IOM aras\u0131ndaki mevcut i\u015f birli\u011fi ve \u00f6zellikle m\u00fclteciler, g\u00f6\u00e7menler, kalk\u0131nma ve &hellip;<\/p>\n","protected":false},"author":41,"featured_media":324245,"comment_status":"closed","ping_status":"closed","sticky":false,"template":"","format":"standard","meta":{"footnotes":""},"categories":[589,479,17988,478],"tags":[],"class_list":["post-324244","post","type-post","status-publish","format-standard","has-post-thumbnail","","category-haber-seridi","category-haberler-yerel","category-son-haberler","category-yerel"],"_links":{"self":[{"href":"https:\/\/archive.sana.sy\/tr\/index.php?rest_route=\/wp\/v2\/posts\/324244","targetHints":{"allow":["GET"]}}],"collection":[{"href":"https:\/\/archive.sana.sy\/tr\/index.php?rest_route=\/wp\/v2\/posts"}],"about":[{"href":"https:\/\/archive.sana.sy\/tr\/index.php?rest_route=\/wp\/v2\/types\/post"}],"author":[{"embeddable":true,"href":"https:\/\/archive.sana.sy\/tr\/index.php?rest_route=\/wp\/v2\/users\/41"}],"replies":[{"embeddable":true,"href":"https:\/\/archive.sana.sy\/tr\/index.php?rest_route=%2Fwp%2Fv2%2Fcomments&post=324244"}],"version-history":[{"count":3,"href":"https:\/\/archive.sana.sy\/tr\/index.php?rest_route=\/wp\/v2\/posts\/324244\/revisions"}],"predecessor-version":[{"id":324248,"href":"https:\/\/archive.sana.sy\/tr\/index.php?rest_route=\/wp\/v2\/posts\/324244\/revisions\/324248"}],"wp:featuredmedia":[{"embeddable":true,"href":"https:\/\/archive.sana.sy\/tr\/index.php?rest_route=\/wp\/v2\/media\/324245"}],"wp:attachment":[{"href":"https:\/\/archive.sana.sy\/tr\/index.php?rest_route=%2Fwp%2Fv2%2Fmedia&parent=324244"}],"wp:term":[{"taxonomy":"category","embeddable":true,"href":"https:\/\/archive.sana.sy\/tr\/index.php?rest_route=%2Fwp%2Fv2%2Fcategories&post=324244"},{"taxonomy":"post_tag","embeddable":true,"href":"https:\/\/archive.sana.sy\/tr\/index.php?rest_route=%2Fwp%2Fv2%2Ftags&post=324244"}],"curies":[{"name":"wp","href":"https:\/\/api.w.org\/{rel}","templated":true}]}}