{"id":324314,"date":"2025-07-01T13:37:52","date_gmt":"2025-07-01T10:37:52","guid":{"rendered":"https:\/\/sana.sy\/tr\/?p=324314"},"modified":"2025-07-01T15:00:21","modified_gmt":"2025-07-01T12:00:21","slug":"%d8%ae%d9%84%d8%a7%d9%84-48-%d8%b3%d8%a7%d8%b9%d8%a9-%d8%a7%d8%aa%d9%81%d8%a7%d9%82%d9%8a%d8%a7%d8%aa-%d8%a7%d8%b3%d8%aa%d8%b1%d8%a7%d8%aa%d9%8a%d8%ac%d9%8a%d8%a9-%d9%81%d9%8a-%d8%a7%d9%84%d8%a5","status":"publish","type":"post","link":"https:\/\/archive.sana.sy\/tr\/?p=324314","title":{"rendered":"48 Saat \u0130\u00e7inde.. Medya, Enerji Ve Altyap\u0131 Alanlar\u0131nda Stratejik Anla\u015fmalar"},"content":{"rendered":"<p style=\"text-align: justify;\"><span style=\"color: #ff0000;\"><strong>\u015eAM (SANA)<\/strong> &#8211;<\/span>\u00a0 Suriye&#8217;nin kurtulu\u015ftan sonraki toparlanmas\u0131 h\u0131zlan\u0131yor, eski rejimin neden oldu\u011fu y\u0131llard\u0131r s\u00fcren sistematik y\u0131k\u0131m\u0131 sona erdirmek i\u00e7in zamanla yar\u0131\u015f\u0131yor, son 48 saatte medya, enerji ve altyap\u0131 alanlar\u0131nda \u00fc\u00e7 stratejik anla\u015fma imzaland\u0131, ve bu anla\u015fmalar aras\u0131nda geli\u015fmi\u015f bir medya kentinin kurulmas\u0131, g\u00fcne\u015f enerjisi projelerinin uygulanmas\u0131 ve d\u00fczinelerce k\u00f6pr\u00fcn\u00fcn rehabilite edilmesi yer al\u0131yor ve Suriye&#8217;nin yat\u0131r\u0131m ve uluslararas\u0131 i\u015f birli\u011fi haritas\u0131na geri d\u00f6nd\u00fc\u011f\u00fcn\u00fc teyit ediyor.<\/p>\n<p style=\"text-align: justify;\"><strong><span style=\"color: #0000ff;\">Medya, Sanat ve Turizm Prod\u00fcksiyonu i\u00e7in &#8220;\u015eam Kap\u0131s\u0131&#8221; Kenti<\/span><\/strong><\/p>\n<p style=\"text-align: justify;\"><span style=\"color: #000000;\">D\u00fcn \u00f6\u011fleden sonra, Cumhurba\u015fkan\u0131 Say\u0131n Ahmed El \u015eara&#8217;n\u0131n huzurunda, Enformasyon Bakanl\u0131\u011f\u0131 ile El Maha Uluslararas\u0131 \u015eirketi aras\u0131nda Suriye&#8217;de medya, sanat ve turizm prod\u00fcksiyonu i\u00e7in &#8220;\u015eam Kap\u0131s\u0131&#8221; kentini kurmak \u00fczere bir mutabakat zapt\u0131 imzaland\u0131. Bu \u015fehir, geli\u015fmi\u015f teknik karakteri ve k\u00fclt\u00fcrel ve tarihi \u00f6zg\u00fcnl\u00fc\u011f\u00fc nedeniyle Arap ve uluslararas\u0131 medya i\u00e7in b\u00fcy\u00fck bir cazibe merkezi olu\u015fturacak.<\/span><\/p>\n<p style=\"text-align: justify;\">&#8220;Hollywood&#8221; uzmanlar\u0131n\u0131n denetiminde, en y\u00fcksek standartlara uygun olarak \u0130slami tarzda tasarlanan dokuz \u015fehirden olu\u015facak kentte, Arap d\u00fcnyas\u0131nda veya uluslararas\u0131 alanda yap\u0131lacak her t\u00fcrl\u00fc yap\u0131m\u0131n, d\u0131\u015far\u0131dan herhangi bir girdiye ihtiya\u00e7 duymadan bu \u015fehirlerden yararlanabilmesi m\u00fcmk\u00fcn olacak.<\/p>\n<p style=\"text-align: justify;\"><strong><span style=\"color: #0000ff;\">\u0130ki g\u00fcne\u015f enerjisi santrali kurmak i\u00e7in bir Amerikan \u015firketiyle Mutabakat Zapt\u0131 imzaland\u0131<\/span><\/strong><\/p>\n<p style=\"text-align: justify;\">\u015eam Kap\u0131s\u0131&#8217;n\u0131n kurulmas\u0131 i\u00e7in mutabakat zapt\u0131n\u0131n imzalanmas\u0131ndan saatler \u00f6nce, Elektrik \u0130letim ve Da\u011f\u0131t\u0131m Genel Kurulu\u015fu, Amerikan \u015firketi &#8220;20 Solar Energy&#8221; ile 200 megavat kapasiteli iki g\u00fcne\u015f enerjisi santrali kurmak i\u00e7in bir mutabakat zapt\u0131 imzalad\u0131. Bu, elektrik durumunun iyile\u015ftirilmesine yard\u0131mc\u0131 olacak ve bunun da hayat\u0131n her alan\u0131nda olumlu etkileri olacak.<\/p>\n<p style=\"text-align: justify;\"><span style=\"color: #0000ff;\"><strong>37 k\u00f6pr\u00fcn\u00fcn rehabilite edilmesi i\u00e7in Frans\u0131z bir \u015firketle anla\u015fma<\/strong><\/span><\/p>\n<p style=\"text-align: justify;\">Altyap\u0131 onar\u0131m\u0131n\u0131n bir par\u00e7as\u0131 olarak, iki g\u00fcn \u00f6nce Frans\u0131z \u015firketi &#8220;Matier&#8221; ile Suriye&#8217;de devrik rejimin bombalamalar\u0131n\u0131n neden oldu\u011fu y\u0131llard\u0131r s\u00fcren hasar\u0131n ard\u0131ndan 37 k\u00f6pr\u00fcn\u00fcn yeniden in\u015fa edilmesi ve onar\u0131lmas\u0131 konusunda bir anla\u015fmaya var\u0131ld\u0131. Bu, b\u00f6lgeler aras\u0131ndaki hareket ve ileti\u015fimin kolay ve h\u0131zl\u0131 bir \u015fekilde yeniden sa\u011flanmas\u0131na yard\u0131mc\u0131 olacak.<\/p>\n<p style=\"text-align: justify;\"><span style=\"color: #0000ff;\"><strong>Maa\u015flar\u0131n art\u0131r\u0131lmas\u0131, ekonomik ve sosyal te\u015fvik karar\u0131<\/strong><\/span><\/p>\n<p style=\"text-align: justify;\">Ge\u00e7ti\u011fimiz ay\u0131n 22&#8217;sinde Cumhurba\u015fkan\u0131 El \u015eara taraf\u0131ndan \u00e7\u0131kar\u0131lan ve i\u015f\u00e7ilere ve emeklilere maa\u015f ve \u00fccretlerde %200 art\u0131\u015f sa\u011flayan iki kararname, Suriye&#8217;deki ekonomik ve sosyal duruma \u00f6nemli bir destek sa\u011flad\u0131. Suriye toplumunda, h\u00fck\u00fcmet \u00e7al\u0131\u015fanlar\u0131, serbest meslek sahipleri ve emekliler de dahil olmak \u00fczere t\u00fcm sekt\u00f6rlerde ve mesleklerde genel bir rahatlama hissi hakim ve hepsi Suriye i\u00e7in daha iyi bir gelecek umuyor.<\/p>\n<p style=\"text-align: justify;\"><span style=\"color: #0000ff;\"><strong>Kurtarmay\u0131 desteklemek i\u00e7in entegre ve h\u0131zland\u0131r\u0131lm\u0131\u015f ad\u0131mlar<\/strong><\/span><\/p>\n<p style=\"text-align: justify;\">Bu ad\u0131mlar, ge\u00e7ti\u011fimiz haftalarda ve aylarda al\u0131nan anla\u015fmalar\u0131 ve \u00f6nlemleri tamaml\u0131yor. Birka\u00e7 g\u00fcn \u00f6nce D\u00fcnya Bankas\u0131, Suriye&#8217;de elektri\u011fin yeniden sa\u011flanmas\u0131 ve ekonomik toparlanman\u0131n desteklenmesi i\u00e7in 146 milyon dolarl\u0131k bir hibeyi onaylad\u0131. bu, \u00fclkeyi k\u00fcresel ekonomiye ve finans kurumlar\u0131na yeniden ba\u011flamay\u0131 ama\u00e7layan bir hareketti.<\/p>\n<p style=\"text-align: justify;\">Suriye, 29 May\u0131s&#8217;ta Katarl\u0131 &#8220;UrbaCon&#8221; Holding &#8220;UCC&#8221; \u015firketinin \u00f6nc\u00fcl\u00fc\u011f\u00fcndeki uluslararas\u0131 enerji \u015firketlerinden olu\u015fan bir koalisyonla elektrik \u015febekesini geni\u015fletmek i\u00e7in 7 milyar dolarl\u0131k bir mutabakat zapt\u0131 imzalad\u0131. Bu, eski rejimin devrilmesinden bu yana h\u00fck\u00fcmetin imzalad\u0131\u011f\u0131 en b\u00fcy\u00fck yat\u0131r\u0131m anla\u015fmas\u0131 oldu.<\/p>\n<p style=\"text-align: justify;\">Arap ve yabanc\u0131 \u00fclkeler ve \u015firketlerle ula\u015f\u0131m, kar\u015f\u0131l\u0131kl\u0131 ticaret, ekonomik i\u015fbirli\u011fi, yat\u0131r\u0131m, liman ve serbest b\u00f6lgelerin yenilenmesini kolayla\u015ft\u0131racak di\u011fer anla\u015fmalar da imzaland\u0131.<\/p>\n<p style=\"text-align: justify;\"><span style=\"color: #0000ff;\"><strong>S\u00fcregelen hareketlilik Suriye&#8217;nin b\u00f6lgesel ve uluslararas\u0131 \u00f6nemini teyit ediyor.<\/strong><\/span><\/p>\n<p style=\"text-align: justify;\">Suriye&#8217;ye uygulanan yapt\u0131r\u0131mlar\u0131n kald\u0131r\u0131lmas\u0131nda meyvesini veren karde\u015f Arap ve yabanc\u0131 \u00fclkelerle devam eden etkile\u015fim ve ileti\u015fim ve b\u00f6lgede ve d\u00fcnyada g\u00fcvenlik, istikrar ve daha fazla refah ve kalk\u0131nma elde etmek i\u00e7in onlarla ileti\u015fimi ve i\u015f birli\u011fini art\u0131rma arzusu var. Bu, Suriye&#8217;nin \u00f6nemini ve b\u00f6lgesel ve uluslararas\u0131 d\u00fczeylerde etkili rol\u00fcne i\u015faret ediyor.<\/p>\n<p style=\"text-align: justify;\">T\u00fcm bu ba\u015far\u0131lar, binlerce kilometrelik yolculu\u011fun Suriye&#8217;de tek bir ad\u0131mla ba\u015flamad\u0131\u011f\u0131n\u0131, aksine h\u0131zl\u0131, kararl\u0131, istikrarl\u0131 ve kendinden emin ad\u0131mlarla ba\u015flad\u0131\u011f\u0131n\u0131 ve k\u00fclt\u00fcrel bir merkez olarak varl\u0131\u011f\u0131n\u0131, stat\u00fcs\u00fcn\u00fc ve parlakl\u0131\u011f\u0131n\u0131 garanti alt\u0131na ald\u0131\u011f\u0131n\u0131 do\u011fruluyor. Suriye bug\u00fcn kap\u0131lar\u0131n\u0131 yard\u0131ma muhta\u00e7 bir \u00fclke olarak de\u011fil, b\u00f6lgesel ve uluslararas\u0131 konumunu yeniden in\u015fa etme ve sa\u011flamla\u015ft\u0131rma iste\u011fini yans\u0131tan bir g\u00fc\u00e7le stratejik bir kalk\u0131nma orta\u011f\u0131 olarak d\u00fcnyaya a\u00e7\u0131yor.<\/p>\n","protected":false},"excerpt":{"rendered":"<p>\u015eAM (SANA) &#8211;\u00a0 Suriye&#8217;nin kurtulu\u015ftan sonraki toparlanmas\u0131 h\u0131zlan\u0131yor, eski rejimin neden oldu\u011fu y\u0131llard\u0131r s\u00fcren sistematik y\u0131k\u0131m\u0131 sona erdirmek i\u00e7in zamanla yar\u0131\u015f\u0131yor, son 48 saatte medya, enerji ve altyap\u0131 alanlar\u0131nda \u00fc\u00e7 stratejik anla\u015fma imzaland\u0131, ve bu anla\u015fmalar aras\u0131nda geli\u015fmi\u015f bir medya kentinin kurulmas\u0131, g\u00fcne\u015f enerjisi projelerinin uygulanmas\u0131 ve d\u00fczinelerce k\u00f6pr\u00fcn\u00fcn rehabilite edilmesi yer al\u0131yor ve Suriye&#8217;nin &hellip;<\/p>\n","protected":false},"author":36,"featured_media":324315,"comment_status":"closed","ping_status":"closed","sticky":false,"template":"","format":"standard","meta":{"footnotes":""},"categories":[589,479,17988,478],"tags":[],"class_list":["post-324314","post","type-post","status-publish","format-standard","has-post-thumbnail","","category-haber-seridi","category-haberler-yerel","category-son-haberler","category-yerel"],"_links":{"self":[{"href":"https:\/\/archive.sana.sy\/tr\/index.php?rest_route=\/wp\/v2\/posts\/324314","targetHints":{"allow":["GET"]}}],"collection":[{"href":"https:\/\/archive.sana.sy\/tr\/index.php?rest_route=\/wp\/v2\/posts"}],"about":[{"href":"https:\/\/archive.sana.sy\/tr\/index.php?rest_route=\/wp\/v2\/types\/post"}],"author":[{"embeddable":true,"href":"https:\/\/archive.sana.sy\/tr\/index.php?rest_route=\/wp\/v2\/users\/36"}],"replies":[{"embeddable":true,"href":"https:\/\/archive.sana.sy\/tr\/index.php?rest_route=%2Fwp%2Fv2%2Fcomments&post=324314"}],"version-history":[{"count":4,"href":"https:\/\/archive.sana.sy\/tr\/index.php?rest_route=\/wp\/v2\/posts\/324314\/revisions"}],"predecessor-version":[{"id":324322,"href":"https:\/\/archive.sana.sy\/tr\/index.php?rest_route=\/wp\/v2\/posts\/324314\/revisions\/324322"}],"wp:featuredmedia":[{"embeddable":true,"href":"https:\/\/archive.sana.sy\/tr\/index.php?rest_route=\/wp\/v2\/media\/324315"}],"wp:attachment":[{"href":"https:\/\/archive.sana.sy\/tr\/index.php?rest_route=%2Fwp%2Fv2%2Fmedia&parent=324314"}],"wp:term":[{"taxonomy":"category","embeddable":true,"href":"https:\/\/archive.sana.sy\/tr\/index.php?rest_route=%2Fwp%2Fv2%2Fcategories&post=324314"},{"taxonomy":"post_tag","embeddable":true,"href":"https:\/\/archive.sana.sy\/tr\/index.php?rest_route=%2Fwp%2Fv2%2Ftags&post=324314"}],"curies":[{"name":"wp","href":"https:\/\/api.w.org\/{rel}","templated":true}]}}