{"id":324354,"date":"2025-07-01T20:00:06","date_gmt":"2025-07-01T17:00:06","guid":{"rendered":"https:\/\/sana.sy\/tr\/?p=324354"},"modified":"2025-07-01T20:00:06","modified_gmt":"2025-07-01T17:00:06","slug":"deyrizorda-halk-meclisi-secimleriyle-ilgili-bir-tanitim-ve-istisare-oturumu-duzenlendi","status":"publish","type":"post","link":"https:\/\/archive.sana.sy\/tr\/?p=324354","title":{"rendered":"Deyrizor&#8217;da Halk Meclisi Se\u00e7imleriyle \u0130lgili Bir Tan\u0131t\u0131m Ve \u0130sti\u015fare Oturumu D\u00fczenlendi"},"content":{"rendered":"<p style=\"text-align: justify;\"><span style=\"color: #ff0000;\"><strong>DEYR\u0130ZOR (SANA) &#8211;<\/strong><\/span> Deyrizor&#8217;da yakla\u015fan Halk Meclisi se\u00e7imleriyle ilgili bir tan\u0131t\u0131m ve isti\u015fare oturumu ba\u015flad\u0131.<\/p>\n<p style=\"text-align: justify;\">Y\u00fcksek Se\u00e7im Komitesi taraf\u0131ndan d\u00fczenlenen oturuma siyasi, akademik ve dini fig\u00fcrlerin yan\u0131 s\u0131ra yerel toplum temsilcileri de kat\u0131ld\u0131.<\/p>\n<div id='gallery-1' class='gallery galleryid-324354 gallery-columns-1 gallery-size-full'><figure class='gallery-item'>\n\t\t\t<div class='gallery-icon landscape'>\n\t\t\t\t<a href='https:\/\/archive.sana.sy\/tr\/?attachment_id=324358'><img loading=\"lazy\" decoding=\"async\" width=\"1280\" height=\"720\" src=\"https:\/\/archive.sana.sy\/tr\/wp-content\/uploads\/2025\/07\/photo_2025-07-01_18-52-53-3.jpg\" class=\"attachment-full size-full\" alt=\"\" srcset=\"https:\/\/archive.sana.sy\/tr\/wp-content\/uploads\/2025\/07\/photo_2025-07-01_18-52-53-3.jpg 1280w, https:\/\/archive.sana.sy\/tr\/wp-content\/uploads\/2025\/07\/photo_2025-07-01_18-52-53-3-300x169.jpg 300w, https:\/\/archive.sana.sy\/tr\/wp-content\/uploads\/2025\/07\/photo_2025-07-01_18-52-53-3-1024x576.jpg 1024w, https:\/\/archive.sana.sy\/tr\/wp-content\/uploads\/2025\/07\/photo_2025-07-01_18-52-53-3-768x432.jpg 768w\" sizes=\"auto, (max-width: 1280px) 100vw, 1280px\" \/><\/a>\n\t\t\t<\/div><\/figure><figure class='gallery-item'>\n\t\t\t<div class='gallery-icon landscape'>\n\t\t\t\t<a href='https:\/\/archive.sana.sy\/tr\/?attachment_id=324357'><img loading=\"lazy\" decoding=\"async\" width=\"1280\" height=\"721\" src=\"https:\/\/archive.sana.sy\/tr\/wp-content\/uploads\/2025\/07\/photo_2025-07-01_18-52-53-2.jpg\" class=\"attachment-full size-full\" alt=\"\" srcset=\"https:\/\/archive.sana.sy\/tr\/wp-content\/uploads\/2025\/07\/photo_2025-07-01_18-52-53-2.jpg 1280w, https:\/\/archive.sana.sy\/tr\/wp-content\/uploads\/2025\/07\/photo_2025-07-01_18-52-53-2-300x169.jpg 300w, https:\/\/archive.sana.sy\/tr\/wp-content\/uploads\/2025\/07\/photo_2025-07-01_18-52-53-2-1024x577.jpg 1024w, https:\/\/archive.sana.sy\/tr\/wp-content\/uploads\/2025\/07\/photo_2025-07-01_18-52-53-2-768x433.jpg 768w\" sizes=\"auto, (max-width: 1280px) 100vw, 1280px\" \/><\/a>\n\t\t\t<\/div><\/figure><figure class='gallery-item'>\n\t\t\t<div class='gallery-icon landscape'>\n\t\t\t\t<a href='https:\/\/archive.sana.sy\/tr\/?attachment_id=324359'><img loading=\"lazy\" decoding=\"async\" width=\"1280\" height=\"721\" src=\"https:\/\/archive.sana.sy\/tr\/wp-content\/uploads\/2025\/07\/photo_2025-07-01_18-52-53-1.jpg\" class=\"attachment-full size-full\" alt=\"\" srcset=\"https:\/\/archive.sana.sy\/tr\/wp-content\/uploads\/2025\/07\/photo_2025-07-01_18-52-53-1.jpg 1280w, https:\/\/archive.sana.sy\/tr\/wp-content\/uploads\/2025\/07\/photo_2025-07-01_18-52-53-1-300x169.jpg 300w, https:\/\/archive.sana.sy\/tr\/wp-content\/uploads\/2025\/07\/photo_2025-07-01_18-52-53-1-1024x577.jpg 1024w, https:\/\/archive.sana.sy\/tr\/wp-content\/uploads\/2025\/07\/photo_2025-07-01_18-52-53-1-768x433.jpg 768w\" sizes=\"auto, (max-width: 1280px) 100vw, 1280px\" \/><\/a>\n\t\t\t<\/div><\/figure>\n\t\t<\/div>\n\n","protected":false},"excerpt":{"rendered":"<p>DEYR\u0130ZOR (SANA) &#8211; Deyrizor&#8217;da yakla\u015fan Halk Meclisi se\u00e7imleriyle ilgili bir tan\u0131t\u0131m ve isti\u015fare oturumu ba\u015flad\u0131. Y\u00fcksek Se\u00e7im Komitesi taraf\u0131ndan d\u00fczenlenen oturuma siyasi, akademik ve dini fig\u00fcrlerin yan\u0131 s\u0131ra yerel toplum temsilcileri de kat\u0131ld\u0131.<\/p>\n","protected":false},"author":41,"featured_media":324356,"comment_status":"closed","ping_status":"closed","sticky":false,"template":"","format":"standard","meta":{"footnotes":""},"categories":[589,479,17988,478],"tags":[],"class_list":["post-324354","post","type-post","status-publish","format-standard","has-post-thumbnail","","category-haber-seridi","category-haberler-yerel","category-son-haberler","category-yerel"],"_links":{"self":[{"href":"https:\/\/archive.sana.sy\/tr\/index.php?rest_route=\/wp\/v2\/posts\/324354","targetHints":{"allow":["GET"]}}],"collection":[{"href":"https:\/\/archive.sana.sy\/tr\/index.php?rest_route=\/wp\/v2\/posts"}],"about":[{"href":"https:\/\/archive.sana.sy\/tr\/index.php?rest_route=\/wp\/v2\/types\/post"}],"author":[{"embeddable":true,"href":"https:\/\/archive.sana.sy\/tr\/index.php?rest_route=\/wp\/v2\/users\/41"}],"replies":[{"embeddable":true,"href":"https:\/\/archive.sana.sy\/tr\/index.php?rest_route=%2Fwp%2Fv2%2Fcomments&post=324354"}],"version-history":[{"count":1,"href":"https:\/\/archive.sana.sy\/tr\/index.php?rest_route=\/wp\/v2\/posts\/324354\/revisions"}],"predecessor-version":[{"id":324360,"href":"https:\/\/archive.sana.sy\/tr\/index.php?rest_route=\/wp\/v2\/posts\/324354\/revisions\/324360"}],"wp:featuredmedia":[{"embeddable":true,"href":"https:\/\/archive.sana.sy\/tr\/index.php?rest_route=\/wp\/v2\/media\/324356"}],"wp:attachment":[{"href":"https:\/\/archive.sana.sy\/tr\/index.php?rest_route=%2Fwp%2Fv2%2Fmedia&parent=324354"}],"wp:term":[{"taxonomy":"category","embeddable":true,"href":"https:\/\/archive.sana.sy\/tr\/index.php?rest_route=%2Fwp%2Fv2%2Fcategories&post=324354"},{"taxonomy":"post_tag","embeddable":true,"href":"https:\/\/archive.sana.sy\/tr\/index.php?rest_route=%2Fwp%2Fv2%2Ftags&post=324354"}],"curies":[{"name":"wp","href":"https:\/\/api.w.org\/{rel}","templated":true}]}}