{"id":324362,"date":"2025-07-02T08:27:58","date_gmt":"2025-07-02T05:27:58","guid":{"rendered":"https:\/\/sana.sy\/tr\/?p=324362"},"modified":"2025-07-02T08:27:58","modified_gmt":"2025-07-02T05:27:58","slug":"turk-disisleri-bakanligi-abdnin-suriyeye-uyguladigi-yaptirimlarin-buyuk-bolumunun-kaldirilmasi-olumlu-bir-gelismedir","status":"publish","type":"post","link":"https:\/\/archive.sana.sy\/tr\/?p=324362","title":{"rendered":"T\u00fcrk D\u0131\u015fi\u015fleri Bakanl\u0131\u011f\u0131: ABD&#8217;nin Suriye&#8217;ye Uygulad\u0131\u011f\u0131 Yapt\u0131r\u0131mlar\u0131n B\u00fcy\u00fck B\u00f6l\u00fcm\u00fcn\u00fcn Kald\u0131r\u0131lmas\u0131 Olumlu Bir Geli\u015fmedir"},"content":{"rendered":"<p style=\"text-align: justify;\"><span style=\"color: #ff0000;\"><strong>ANKARA (SANA) &#8211;<\/strong><\/span> T\u00fcrkiye D\u0131\u015fi\u015fleri Bakanl\u0131\u011f\u0131, ABD&#8217;nin Suriye&#8217;ye uygulad\u0131\u011f\u0131 yapt\u0131r\u0131mlar\u0131n \u00f6nemli bir b\u00f6l\u00fcm\u00fcn\u00fcn kald\u0131r\u0131lmas\u0131n\u0131n olumlu bir geli\u015fme oldu\u011funu belirtti.<\/p>\n<p style=\"text-align: justify;\">Anadolu Ajans\u0131&#8217;n\u0131n aktard\u0131\u011f\u0131na g\u00f6re, D\u0131\u015fi\u015fleri Bakanl\u0131\u011f\u0131 S\u00f6zc\u00fcs\u00fc \u00d6nc\u00fc Ke\u00e7eli, ABD y\u00f6netiminin Suriye ile ili\u015fkileri normalle\u015ftirme y\u00f6n\u00fcndeki &#8220;g\u00fc\u00e7l\u00fc iradesini&#8221; memnuniyetle kar\u015f\u0131lad\u0131klar\u0131n\u0131 bildirdi.<\/p>\n<p style=\"text-align: justify;\">Ke\u00e7eli, T\u00fcrkiye&#8217;nin Suriye&#8217;nin yeniden in\u015fas\u0131na hem kamu hem de \u00f6zel sekt\u00f6r arac\u0131l\u0131\u011f\u0131yla, b\u00f6lgesel ve uluslararas\u0131 akt\u00f6rlerle i\u015f birli\u011fi yaparak katk\u0131 sa\u011flamaya devam etti\u011fini vurgulad\u0131.<\/p>\n","protected":false},"excerpt":{"rendered":"<p>ANKARA (SANA) &#8211; T\u00fcrkiye D\u0131\u015fi\u015fleri Bakanl\u0131\u011f\u0131, ABD&#8217;nin Suriye&#8217;ye uygulad\u0131\u011f\u0131 yapt\u0131r\u0131mlar\u0131n \u00f6nemli bir b\u00f6l\u00fcm\u00fcn\u00fcn kald\u0131r\u0131lmas\u0131n\u0131n olumlu bir geli\u015fme oldu\u011funu belirtti. Anadolu Ajans\u0131&#8217;n\u0131n aktard\u0131\u011f\u0131na g\u00f6re, D\u0131\u015fi\u015fleri Bakanl\u0131\u011f\u0131 S\u00f6zc\u00fcs\u00fc \u00d6nc\u00fc Ke\u00e7eli, ABD y\u00f6netiminin Suriye ile ili\u015fkileri normalle\u015ftirme y\u00f6n\u00fcndeki &#8220;g\u00fc\u00e7l\u00fc iradesini&#8221; memnuniyetle kar\u015f\u0131lad\u0131klar\u0131n\u0131 bildirdi. Ke\u00e7eli, T\u00fcrkiye&#8217;nin Suriye&#8217;nin yeniden in\u015fas\u0131na hem kamu hem de \u00f6zel sekt\u00f6r arac\u0131l\u0131\u011f\u0131yla, b\u00f6lgesel ve uluslararas\u0131 &hellip;<\/p>\n","protected":false},"author":36,"featured_media":324363,"comment_status":"closed","ping_status":"closed","sticky":false,"template":"","format":"standard","meta":{"footnotes":""},"categories":[458,589,459,17988],"tags":[],"class_list":["post-324362","post","type-post","status-publish","format-standard","has-post-thumbnail","","category-dunya1","category-haber-seridi","category-haberler-arap-uluslararasi-politika","category-son-haberler"],"_links":{"self":[{"href":"https:\/\/archive.sana.sy\/tr\/index.php?rest_route=\/wp\/v2\/posts\/324362","targetHints":{"allow":["GET"]}}],"collection":[{"href":"https:\/\/archive.sana.sy\/tr\/index.php?rest_route=\/wp\/v2\/posts"}],"about":[{"href":"https:\/\/archive.sana.sy\/tr\/index.php?rest_route=\/wp\/v2\/types\/post"}],"author":[{"embeddable":true,"href":"https:\/\/archive.sana.sy\/tr\/index.php?rest_route=\/wp\/v2\/users\/36"}],"replies":[{"embeddable":true,"href":"https:\/\/archive.sana.sy\/tr\/index.php?rest_route=%2Fwp%2Fv2%2Fcomments&post=324362"}],"version-history":[{"count":1,"href":"https:\/\/archive.sana.sy\/tr\/index.php?rest_route=\/wp\/v2\/posts\/324362\/revisions"}],"predecessor-version":[{"id":324364,"href":"https:\/\/archive.sana.sy\/tr\/index.php?rest_route=\/wp\/v2\/posts\/324362\/revisions\/324364"}],"wp:featuredmedia":[{"embeddable":true,"href":"https:\/\/archive.sana.sy\/tr\/index.php?rest_route=\/wp\/v2\/media\/324363"}],"wp:attachment":[{"href":"https:\/\/archive.sana.sy\/tr\/index.php?rest_route=%2Fwp%2Fv2%2Fmedia&parent=324362"}],"wp:term":[{"taxonomy":"category","embeddable":true,"href":"https:\/\/archive.sana.sy\/tr\/index.php?rest_route=%2Fwp%2Fv2%2Fcategories&post=324362"},{"taxonomy":"post_tag","embeddable":true,"href":"https:\/\/archive.sana.sy\/tr\/index.php?rest_route=%2Fwp%2Fv2%2Ftags&post=324362"}],"curies":[{"name":"wp","href":"https:\/\/api.w.org\/{rel}","templated":true}]}}