{"id":324365,"date":"2025-07-02T08:34:11","date_gmt":"2025-07-02T05:34:11","guid":{"rendered":"https:\/\/sana.sy\/tr\/?p=324365"},"modified":"2025-07-02T08:34:11","modified_gmt":"2025-07-02T05:34:11","slug":"yerel-yonetim-bakanligi-suriyedeki-uluslararasi-goc-orgutu-heyetiyle-ile-gorustu","status":"publish","type":"post","link":"https:\/\/archive.sana.sy\/tr\/?p=324365","title":{"rendered":"Yerel y\u00f6netim Bakanl\u0131\u011f\u0131, Suriye&#8217;deki Uluslararas\u0131 G\u00f6\u00e7 \u00d6rg\u00fct\u00fc Heyetiyle \u0130le G\u00f6r\u00fc\u015ft\u00fc"},"content":{"rendered":"<p style=\"text-align: justify;\"><span style=\"color: #ff0000;\"><strong>\u015eAM (SANA) &#8211;<\/strong><\/span> Yerel Y\u00f6netim ve \u00c7evre Bakan\u0131 M\u00fch. Muhammed Encari, Muhammed Abdul Yakir ba\u015fkanl\u0131\u011f\u0131ndaki Uluslararas\u0131 G\u00f6\u00e7 \u00d6rg\u00fct\u00fc heyetiyle Suriye&#8217;de belediyeleri destekleme ve hizmetleri geli\u015ftirme mekanizmalar\u0131n\u0131 g\u00f6r\u00fc\u015ft\u00fc.<\/p>\n<p style=\"text-align: justify;\">\u015eam&#8217;daki bakanl\u0131k binas\u0131nda ger\u00e7ekle\u015fen g\u00f6r\u00fc\u015fmede, iki taraf, Suriye&#8217;de insani m\u00fcdahaleyi iyile\u015ftirmek ve yerel topluluklara sa\u011flanan hizmetleri geli\u015ftirmek i\u00e7in ortak i\u015fbirli\u011fini art\u0131rma yollar\u0131n\u0131 ele ald\u0131.<\/p>\n","protected":false},"excerpt":{"rendered":"<p>\u015eAM (SANA) &#8211; Yerel Y\u00f6netim ve \u00c7evre Bakan\u0131 M\u00fch. Muhammed Encari, Muhammed Abdul Yakir ba\u015fkanl\u0131\u011f\u0131ndaki Uluslararas\u0131 G\u00f6\u00e7 \u00d6rg\u00fct\u00fc heyetiyle Suriye&#8217;de belediyeleri destekleme ve hizmetleri geli\u015ftirme mekanizmalar\u0131n\u0131 g\u00f6r\u00fc\u015ft\u00fc. \u015eam&#8217;daki bakanl\u0131k binas\u0131nda ger\u00e7ekle\u015fen g\u00f6r\u00fc\u015fmede, iki taraf, Suriye&#8217;de insani m\u00fcdahaleyi iyile\u015ftirmek ve yerel topluluklara sa\u011flanan hizmetleri geli\u015ftirmek i\u00e7in ortak i\u015fbirli\u011fini art\u0131rma yollar\u0131n\u0131 ele ald\u0131.<\/p>\n","protected":false},"author":36,"featured_media":324372,"comment_status":"closed","ping_status":"closed","sticky":false,"template":"","format":"standard","meta":{"footnotes":""},"categories":[589,479,17988,478],"tags":[],"class_list":["post-324365","post","type-post","status-publish","format-standard","has-post-thumbnail","","category-haber-seridi","category-haberler-yerel","category-son-haberler","category-yerel"],"_links":{"self":[{"href":"https:\/\/archive.sana.sy\/tr\/index.php?rest_route=\/wp\/v2\/posts\/324365","targetHints":{"allow":["GET"]}}],"collection":[{"href":"https:\/\/archive.sana.sy\/tr\/index.php?rest_route=\/wp\/v2\/posts"}],"about":[{"href":"https:\/\/archive.sana.sy\/tr\/index.php?rest_route=\/wp\/v2\/types\/post"}],"author":[{"embeddable":true,"href":"https:\/\/archive.sana.sy\/tr\/index.php?rest_route=\/wp\/v2\/users\/36"}],"replies":[{"embeddable":true,"href":"https:\/\/archive.sana.sy\/tr\/index.php?rest_route=%2Fwp%2Fv2%2Fcomments&post=324365"}],"version-history":[{"count":1,"href":"https:\/\/archive.sana.sy\/tr\/index.php?rest_route=\/wp\/v2\/posts\/324365\/revisions"}],"predecessor-version":[{"id":324373,"href":"https:\/\/archive.sana.sy\/tr\/index.php?rest_route=\/wp\/v2\/posts\/324365\/revisions\/324373"}],"wp:featuredmedia":[{"embeddable":true,"href":"https:\/\/archive.sana.sy\/tr\/index.php?rest_route=\/wp\/v2\/media\/324372"}],"wp:attachment":[{"href":"https:\/\/archive.sana.sy\/tr\/index.php?rest_route=%2Fwp%2Fv2%2Fmedia&parent=324365"}],"wp:term":[{"taxonomy":"category","embeddable":true,"href":"https:\/\/archive.sana.sy\/tr\/index.php?rest_route=%2Fwp%2Fv2%2Fcategories&post=324365"},{"taxonomy":"post_tag","embeddable":true,"href":"https:\/\/archive.sana.sy\/tr\/index.php?rest_route=%2Fwp%2Fv2%2Ftags&post=324365"}],"curies":[{"name":"wp","href":"https:\/\/api.w.org\/{rel}","templated":true}]}}