{"id":324368,"date":"2025-07-02T08:33:22","date_gmt":"2025-07-02T05:33:22","guid":{"rendered":"https:\/\/sana.sy\/tr\/?p=324368"},"modified":"2025-07-02T08:33:22","modified_gmt":"2025-07-02T05:33:22","slug":"trump-suriyeye-yonelik-yaptirimlarin-kaldirilmasi-karari-ona-bir-sans-vermek-icin-alindi","status":"publish","type":"post","link":"https:\/\/archive.sana.sy\/tr\/?p=324368","title":{"rendered":"Trump: Suriye&#8217;ye Y\u00f6nelik Yapt\u0131r\u0131mlar\u0131n Kald\u0131r\u0131lmas\u0131 Karar\u0131 Ona Bir \u015eans Vermek \u0130\u00e7in Al\u0131nd\u0131"},"content":{"rendered":"<p style=\"text-align: justify;\"><strong>VA\u015e\u0130NGTON (SANA) &#8211;<\/strong> ABD Ba\u015fkan\u0131 Donald Trump, d\u00fcn ald\u0131\u011f\u0131 Suriye&#8217;ye y\u00f6nelik yapt\u0131r\u0131mlar\u0131n kald\u0131r\u0131lmas\u0131 karar\u0131n\u0131n ona bir \u015fans vermek i\u00e7in al\u0131nd\u0131\u011f\u0131n\u0131 do\u011frulayarak, Suriye halk\u0131n\u0131 ve liderliklerini \u00f6vd\u00fc.<\/p>\n<p style=\"text-align: justify;\">Al Jazeera taraf\u0131ndan yay\u0131nlanan bas\u0131n a\u00e7\u0131klamalar\u0131nda Trump \u015funlar\u0131 s\u00f6yledi: &#8220;Suriye&#8217;ye y\u00f6nelik yapt\u0131r\u0131mlar\u0131 ona bir \u015fans vermek i\u00e7in kald\u0131rd\u0131m. Bu yapt\u0131r\u0131mlar\u0131n Suriye&#8217;nin toparlanmas\u0131n\u0131 engelliyor.&#8221;<\/p>\n<p style=\"text-align: justify;\">Trump \u015funlar\u0131 ekledi: &#8220;Suriye halk\u0131 harika ve g\u00fc\u00e7l\u00fc ve iyi bir adam taraf\u0131ndan y\u00f6netiliyor.&#8221;<\/p>\n","protected":false},"excerpt":{"rendered":"<p>VA\u015e\u0130NGTON (SANA) &#8211; ABD Ba\u015fkan\u0131 Donald Trump, d\u00fcn ald\u0131\u011f\u0131 Suriye&#8217;ye y\u00f6nelik yapt\u0131r\u0131mlar\u0131n kald\u0131r\u0131lmas\u0131 karar\u0131n\u0131n ona bir \u015fans vermek i\u00e7in al\u0131nd\u0131\u011f\u0131n\u0131 do\u011frulayarak, Suriye halk\u0131n\u0131 ve liderliklerini \u00f6vd\u00fc. Al Jazeera taraf\u0131ndan yay\u0131nlanan bas\u0131n a\u00e7\u0131klamalar\u0131nda Trump \u015funlar\u0131 s\u00f6yledi: &#8220;Suriye&#8217;ye y\u00f6nelik yapt\u0131r\u0131mlar\u0131 ona bir \u015fans vermek i\u00e7in kald\u0131rd\u0131m. Bu yapt\u0131r\u0131mlar\u0131n Suriye&#8217;nin toparlanmas\u0131n\u0131 engelliyor.&#8221; Trump \u015funlar\u0131 ekledi: &#8220;Suriye halk\u0131 harika &hellip;<\/p>\n","protected":false},"author":39,"featured_media":324369,"comment_status":"closed","ping_status":"closed","sticky":false,"template":"","format":"standard","meta":{"footnotes":""},"categories":[458,589,459,17988],"tags":[],"class_list":["post-324368","post","type-post","status-publish","format-standard","has-post-thumbnail","","category-dunya1","category-haber-seridi","category-haberler-arap-uluslararasi-politika","category-son-haberler"],"_links":{"self":[{"href":"https:\/\/archive.sana.sy\/tr\/index.php?rest_route=\/wp\/v2\/posts\/324368","targetHints":{"allow":["GET"]}}],"collection":[{"href":"https:\/\/archive.sana.sy\/tr\/index.php?rest_route=\/wp\/v2\/posts"}],"about":[{"href":"https:\/\/archive.sana.sy\/tr\/index.php?rest_route=\/wp\/v2\/types\/post"}],"author":[{"embeddable":true,"href":"https:\/\/archive.sana.sy\/tr\/index.php?rest_route=\/wp\/v2\/users\/39"}],"replies":[{"embeddable":true,"href":"https:\/\/archive.sana.sy\/tr\/index.php?rest_route=%2Fwp%2Fv2%2Fcomments&post=324368"}],"version-history":[{"count":1,"href":"https:\/\/archive.sana.sy\/tr\/index.php?rest_route=\/wp\/v2\/posts\/324368\/revisions"}],"predecessor-version":[{"id":324370,"href":"https:\/\/archive.sana.sy\/tr\/index.php?rest_route=\/wp\/v2\/posts\/324368\/revisions\/324370"}],"wp:featuredmedia":[{"embeddable":true,"href":"https:\/\/archive.sana.sy\/tr\/index.php?rest_route=\/wp\/v2\/media\/324369"}],"wp:attachment":[{"href":"https:\/\/archive.sana.sy\/tr\/index.php?rest_route=%2Fwp%2Fv2%2Fmedia&parent=324368"}],"wp:term":[{"taxonomy":"category","embeddable":true,"href":"https:\/\/archive.sana.sy\/tr\/index.php?rest_route=%2Fwp%2Fv2%2Fcategories&post=324368"},{"taxonomy":"post_tag","embeddable":true,"href":"https:\/\/archive.sana.sy\/tr\/index.php?rest_route=%2Fwp%2Fv2%2Ftags&post=324368"}],"curies":[{"name":"wp","href":"https:\/\/api.w.org\/{rel}","templated":true}]}}