{"id":324374,"date":"2025-07-02T08:41:16","date_gmt":"2025-07-02T05:41:16","guid":{"rendered":"https:\/\/sana.sy\/tr\/?p=324374"},"modified":"2025-07-02T15:22:48","modified_gmt":"2025-07-02T12:22:48","slug":"saglik-bakanligi-suriye-kayip-sahislar-ulusal-otoritesinin-calismalarini-destekliyor","status":"publish","type":"post","link":"https:\/\/archive.sana.sy\/tr\/?p=324374","title":{"rendered":"Sa\u011fl\u0131k Bakanl\u0131\u011f\u0131, Suriye Kay\u0131p \u015eah\u0131slar Ulusal Otoritesi&#8217;nin \u00c7al\u0131\u015fmalar\u0131n\u0131 Destekliyor"},"content":{"rendered":"<p style=\"text-align: justify;\"><span style=\"color: #ff0000;\"><strong>\u015eAM (SANA) &#8211;<\/strong><\/span> Sa\u011fl\u0131k Bakan\u0131 Dr. Musab El Ali, Suriye Kay\u0131p \u015eah\u0131slar Ulusal Komisyonu Ba\u015fkan\u0131 Dr. Muhammed R\u0131za Celahi ile kay\u0131p \u015fah\u0131slar dosyas\u0131nda i\u015f birli\u011fini art\u0131rma yollar\u0131n\u0131 g\u00f6r\u00fc\u015ft\u00fc.<\/p>\n<p style=\"text-align: justify;\"><img loading=\"lazy\" decoding=\"async\" class=\"size-medium wp-image-324378 alignright\" src=\"http:\/\/sana.sy\/tr\/wp-content\/uploads\/2025\/07\/1-1-300x200.jpg\" alt=\"\" width=\"300\" height=\"200\" srcset=\"https:\/\/archive.sana.sy\/tr\/wp-content\/uploads\/2025\/07\/1-1-300x200.jpg 300w, https:\/\/archive.sana.sy\/tr\/wp-content\/uploads\/2025\/07\/1-1-1024x681.jpg 1024w, https:\/\/archive.sana.sy\/tr\/wp-content\/uploads\/2025\/07\/1-1-768x511.jpg 768w, https:\/\/archive.sana.sy\/tr\/wp-content\/uploads\/2025\/07\/1-1-1536x1022.jpg 1536w, https:\/\/archive.sana.sy\/tr\/wp-content\/uploads\/2025\/07\/1-1-2048x1362.jpg 2048w\" sizes=\"auto, (max-width: 300px) 100vw, 300px\" \/>Bakanl\u0131k binas\u0131nda d\u00fczenlenen g\u00f6r\u00fc\u015fmede, kay\u0131p \u015fah\u0131slar\u0131n ak\u0131betinin ortaya \u00e7\u0131kar\u0131lmas\u0131na y\u00f6nelik \u00e7abalar\u0131 destekleyecek mekanizmalar ve ilgili kurumlar aras\u0131ndaki koordinasyonun art\u0131r\u0131lmas\u0131 ele al\u0131nd\u0131.<\/p>\n<p style=\"text-align: justify;\">\u0130ki taraf, bu insani meseledeki \u00f6nemli rolleri g\u00f6z \u00f6n\u00fcne al\u0131nd\u0131\u011f\u0131nda, \u00f6zellikle adli t\u0131p ve ruh sa\u011fl\u0131\u011f\u0131 alanlar\u0131nda Bakanl\u0131k ve Otorite aras\u0131ndaki i\u015f birli\u011finin art\u0131r\u0131lmas\u0131 gerekti\u011fini vurgularken, etkili koordinasyon ve uzmanl\u0131k al\u0131\u015fveri\u015fini sa\u011flamak amac\u0131yla Otoriteyi resmi olarak temsil etmek \u00fczere Sa\u011fl\u0131k Bakanl\u0131\u011f\u0131&#8217;ndan bir koordinat\u00f6r atanmas\u0131 gerekti\u011fine i\u015faret etti.<\/p>\n<p style=\"text-align: justify;\">Bakan El Ali ise, Bakanl\u0131\u011f\u0131n Ulusal Komisyon \u00e7al\u0131\u015fmalar\u0131na tam deste\u011fini teyit edip, kay\u0131p \u015fah\u0131slar dosyas\u0131n\u0131n toplumsal bar\u0131\u015f\u0131n sa\u011flanmas\u0131 ve toplumsal istikrar\u0131n peki\u015ftirilmesi a\u00e7\u0131s\u0131ndan \u00f6nemini vurgulayarak, bu konunun ciddi ve sorumlu bir \u015fekilde ele al\u0131nmas\u0131 i\u00e7in ilgili t\u00fcm taraflar aras\u0131nda i\u015f birli\u011finin gereklili\u011fini ifade etti.<\/p>\n","protected":false},"excerpt":{"rendered":"<p>\u015eAM (SANA) &#8211; Sa\u011fl\u0131k Bakan\u0131 Dr. Musab El Ali, Suriye Kay\u0131p \u015eah\u0131slar Ulusal Komisyonu Ba\u015fkan\u0131 Dr. Muhammed R\u0131za Celahi ile kay\u0131p \u015fah\u0131slar dosyas\u0131nda i\u015f birli\u011fini art\u0131rma yollar\u0131n\u0131 g\u00f6r\u00fc\u015ft\u00fc. Bakanl\u0131k binas\u0131nda d\u00fczenlenen g\u00f6r\u00fc\u015fmede, kay\u0131p \u015fah\u0131slar\u0131n ak\u0131betinin ortaya \u00e7\u0131kar\u0131lmas\u0131na y\u00f6nelik \u00e7abalar\u0131 destekleyecek mekanizmalar ve ilgili kurumlar aras\u0131ndaki koordinasyonun art\u0131r\u0131lmas\u0131 ele al\u0131nd\u0131. \u0130ki taraf, bu insani meseledeki \u00f6nemli &hellip;<\/p>\n","protected":false},"author":36,"featured_media":324379,"comment_status":"closed","ping_status":"closed","sticky":false,"template":"","format":"standard","meta":{"footnotes":""},"categories":[589,479,17988,478],"tags":[],"class_list":["post-324374","post","type-post","status-publish","format-standard","has-post-thumbnail","","category-haber-seridi","category-haberler-yerel","category-son-haberler","category-yerel"],"_links":{"self":[{"href":"https:\/\/archive.sana.sy\/tr\/index.php?rest_route=\/wp\/v2\/posts\/324374","targetHints":{"allow":["GET"]}}],"collection":[{"href":"https:\/\/archive.sana.sy\/tr\/index.php?rest_route=\/wp\/v2\/posts"}],"about":[{"href":"https:\/\/archive.sana.sy\/tr\/index.php?rest_route=\/wp\/v2\/types\/post"}],"author":[{"embeddable":true,"href":"https:\/\/archive.sana.sy\/tr\/index.php?rest_route=\/wp\/v2\/users\/36"}],"replies":[{"embeddable":true,"href":"https:\/\/archive.sana.sy\/tr\/index.php?rest_route=%2Fwp%2Fv2%2Fcomments&post=324374"}],"version-history":[{"count":2,"href":"https:\/\/archive.sana.sy\/tr\/index.php?rest_route=\/wp\/v2\/posts\/324374\/revisions"}],"predecessor-version":[{"id":324429,"href":"https:\/\/archive.sana.sy\/tr\/index.php?rest_route=\/wp\/v2\/posts\/324374\/revisions\/324429"}],"wp:featuredmedia":[{"embeddable":true,"href":"https:\/\/archive.sana.sy\/tr\/index.php?rest_route=\/wp\/v2\/media\/324379"}],"wp:attachment":[{"href":"https:\/\/archive.sana.sy\/tr\/index.php?rest_route=%2Fwp%2Fv2%2Fmedia&parent=324374"}],"wp:term":[{"taxonomy":"category","embeddable":true,"href":"https:\/\/archive.sana.sy\/tr\/index.php?rest_route=%2Fwp%2Fv2%2Fcategories&post=324374"},{"taxonomy":"post_tag","embeddable":true,"href":"https:\/\/archive.sana.sy\/tr\/index.php?rest_route=%2Fwp%2Fv2%2Ftags&post=324374"}],"curies":[{"name":"wp","href":"https:\/\/api.w.org\/{rel}","templated":true}]}}