{"id":324380,"date":"2025-07-02T08:42:34","date_gmt":"2025-07-02T05:42:34","guid":{"rendered":"https:\/\/sana.sy\/tr\/?p=324380"},"modified":"2025-07-02T15:21:49","modified_gmt":"2025-07-02T12:21:49","slug":"birlesmis-milletler-abdnin-suriyeye-uyguladigi-ekonomik-yaptirimlarin-onemli-bir-bolumunun-kaldirilmasini-memnuniyetle-karsiladi","status":"publish","type":"post","link":"https:\/\/archive.sana.sy\/tr\/?p=324380","title":{"rendered":"BM, ABD&#8217;nin Suriye&#8217;ye Uygulad\u0131\u011f\u0131 Ekonomik Yapt\u0131r\u0131mlar\u0131n Kald\u0131r\u0131lmas\u0131n\u0131 Memnuniyetle Kar\u015f\u0131lad\u0131"},"content":{"rendered":"<p style=\"text-align: justify;\"><strong><span style=\"color: #ff0000;\">NEW YORK (SANA)<\/span> &#8211;<\/strong> BM Suriye \u00d6zel Temsilcisi Geir Pedersen, ABD&#8217;nin Suriye&#8217;ye uygulad\u0131\u011f\u0131 ekonomik yapt\u0131r\u0131mlar\u0131n \u00f6nemli bir k\u0131sm\u0131n\u0131 kald\u0131rma karar\u0131n\u0131, toparlanma, istikrar ve daha iyi bir gelecek in\u015fas\u0131 yolunda \u00f6nemli bir ad\u0131m olarak nitelendirdi.<\/p>\n<p style=\"text-align: justify;\">BM Haber Ajans\u0131&#8217;n\u0131n aktard\u0131\u011f\u0131na g\u00f6re Pedersen, Suriye halk\u0131na \u00fclkelerini yeniden in\u015fa etmeleri i\u00e7in ger\u00e7ek bir f\u0131rsat verilmesinin \u00f6nemini vurgulad\u0131.<\/p>\n<p style=\"text-align: justify;\">BM S\u00f6zc\u00fcs\u00fc St\u00e9phane Dujarric de ABD&#8217;nin bu ad\u0131m\u0131n\u0131 memnuniyetle kar\u015f\u0131layarak d\u00fczenledi\u011fi bas\u0131n toplant\u0131s\u0131nda, &#8220;Yapt\u0131r\u0131mlar\u0131n hafifletilmesine y\u00f6nelik t\u00fcm tedbirlerin tam olarak uygulanmas\u0131n\u0131n ve bunlar\u0131n hafifletilmesiyle birlikte mali destek ve kaynak sa\u011flanmas\u0131n\u0131n \u00f6nemini vurgulad\u0131k ve vurgulamaya devam ediyoruz&#8221; dedi.<\/p>\n","protected":false},"excerpt":{"rendered":"<p>NEW YORK (SANA) &#8211; BM Suriye \u00d6zel Temsilcisi Geir Pedersen, ABD&#8217;nin Suriye&#8217;ye uygulad\u0131\u011f\u0131 ekonomik yapt\u0131r\u0131mlar\u0131n \u00f6nemli bir k\u0131sm\u0131n\u0131 kald\u0131rma karar\u0131n\u0131, toparlanma, istikrar ve daha iyi bir gelecek in\u015fas\u0131 yolunda \u00f6nemli bir ad\u0131m olarak nitelendirdi. BM Haber Ajans\u0131&#8217;n\u0131n aktard\u0131\u011f\u0131na g\u00f6re Pedersen, Suriye halk\u0131na \u00fclkelerini yeniden in\u015fa etmeleri i\u00e7in ger\u00e7ek bir f\u0131rsat verilmesinin \u00f6nemini vurgulad\u0131. BM S\u00f6zc\u00fcs\u00fc &hellip;<\/p>\n","protected":false},"author":39,"featured_media":324384,"comment_status":"closed","ping_status":"closed","sticky":false,"template":"","format":"standard","meta":{"footnotes":""},"categories":[458,589,459,17988],"tags":[],"class_list":["post-324380","post","type-post","status-publish","format-standard","has-post-thumbnail","","category-dunya1","category-haber-seridi","category-haberler-arap-uluslararasi-politika","category-son-haberler"],"_links":{"self":[{"href":"https:\/\/archive.sana.sy\/tr\/index.php?rest_route=\/wp\/v2\/posts\/324380","targetHints":{"allow":["GET"]}}],"collection":[{"href":"https:\/\/archive.sana.sy\/tr\/index.php?rest_route=\/wp\/v2\/posts"}],"about":[{"href":"https:\/\/archive.sana.sy\/tr\/index.php?rest_route=\/wp\/v2\/types\/post"}],"author":[{"embeddable":true,"href":"https:\/\/archive.sana.sy\/tr\/index.php?rest_route=\/wp\/v2\/users\/39"}],"replies":[{"embeddable":true,"href":"https:\/\/archive.sana.sy\/tr\/index.php?rest_route=%2Fwp%2Fv2%2Fcomments&post=324380"}],"version-history":[{"count":4,"href":"https:\/\/archive.sana.sy\/tr\/index.php?rest_route=\/wp\/v2\/posts\/324380\/revisions"}],"predecessor-version":[{"id":324428,"href":"https:\/\/archive.sana.sy\/tr\/index.php?rest_route=\/wp\/v2\/posts\/324380\/revisions\/324428"}],"wp:featuredmedia":[{"embeddable":true,"href":"https:\/\/archive.sana.sy\/tr\/index.php?rest_route=\/wp\/v2\/media\/324384"}],"wp:attachment":[{"href":"https:\/\/archive.sana.sy\/tr\/index.php?rest_route=%2Fwp%2Fv2%2Fmedia&parent=324380"}],"wp:term":[{"taxonomy":"category","embeddable":true,"href":"https:\/\/archive.sana.sy\/tr\/index.php?rest_route=%2Fwp%2Fv2%2Fcategories&post=324380"},{"taxonomy":"post_tag","embeddable":true,"href":"https:\/\/archive.sana.sy\/tr\/index.php?rest_route=%2Fwp%2Fv2%2Ftags&post=324380"}],"curies":[{"name":"wp","href":"https:\/\/api.w.org\/{rel}","templated":true}]}}