{"id":324415,"date":"2025-07-02T13:31:55","date_gmt":"2025-07-02T10:31:55","guid":{"rendered":"https:\/\/sana.sy\/tr\/?p=324415"},"modified":"2025-07-02T14:52:44","modified_gmt":"2025-07-02T11:52:44","slug":"lubnan-basbakani-multecilerin-geri-donusu-ve-sinirlar-konusunda-suriye-ile-dogrudan-isbirligi-baslattik","status":"publish","type":"post","link":"https:\/\/archive.sana.sy\/tr\/?p=324415","title":{"rendered":"L\u00fcbnan Ba\u015fbakan\u0131: M\u00fcltecilerin Geri D\u00f6n\u00fc\u015f\u00fc Ve S\u0131n\u0131rlar Konusunda Suriye \u0130le Do\u011frudan \u0130\u015fbirli\u011fi Ba\u015flatt\u0131k"},"content":{"rendered":"<p style=\"text-align: justify;\"><strong><span style=\"color: #ff0000;\">BEYRUT (SANA)<\/span> &#8211;<\/strong> L\u00fcbnan Ba\u015fbakan\u0131 Nevvaf Selam, Suriye ile s\u0131n\u0131r denetimi ve Suriyeli m\u00fcltecilerin onurlu bir \u015fekilde geri d\u00f6n\u00fc\u015f\u00fc ba\u015fta olmak \u00fczere bir\u00e7ok konuda i\u015fbirli\u011fine olan ba\u011fl\u0131l\u0131\u011f\u0131n\u0131 yineledi.<\/p>\n<p style=\"text-align: justify;\">Selam, h\u00fck\u00fcmetin s\u0131n\u0131rlar\u0131 kontrol etmek, ka\u00e7ak\u00e7\u0131l\u0131kla m\u00fccadele etmek ve Suriyeli m\u00fcltecilerin g\u00fcvenli ve onurlu bir \u015fekilde geri d\u00f6n\u00fc\u015f\u00fcn\u00fc sa\u011flamak amac\u0131yla Suriye taraf\u0131yla do\u011frudan i\u015f birli\u011fi ba\u015flatt\u0131\u011f\u0131n\u0131 belirtti.<\/p>\n<p style=\"text-align: justify;\">Ayr\u0131 bir ba\u011flamda Selam, L\u00fcbnan&#8217;\u0131n b\u00f6lgesel bir d\u00f6n\u00fc\u015f\u00fcm\u00fcn ortas\u0131nda kritik bir a\u015famadan ge\u00e7ti\u011fini ve kenarda kalamayaca\u011f\u0131n\u0131 a\u00e7\u0131klayarak, Finansal ve ekonomik istikrar olmadan ulusal ilerlemenin sa\u011flanamayaca\u011f\u0131n\u0131 vurgulad\u0131.<\/p>\n","protected":false},"excerpt":{"rendered":"<p>BEYRUT (SANA) &#8211; L\u00fcbnan Ba\u015fbakan\u0131 Nevvaf Selam, Suriye ile s\u0131n\u0131r denetimi ve Suriyeli m\u00fcltecilerin onurlu bir \u015fekilde geri d\u00f6n\u00fc\u015f\u00fc ba\u015fta olmak \u00fczere bir\u00e7ok konuda i\u015fbirli\u011fine olan ba\u011fl\u0131l\u0131\u011f\u0131n\u0131 yineledi. Selam, h\u00fck\u00fcmetin s\u0131n\u0131rlar\u0131 kontrol etmek, ka\u00e7ak\u00e7\u0131l\u0131kla m\u00fccadele etmek ve Suriyeli m\u00fcltecilerin g\u00fcvenli ve onurlu bir \u015fekilde geri d\u00f6n\u00fc\u015f\u00fcn\u00fc sa\u011flamak amac\u0131yla Suriye taraf\u0131yla do\u011frudan i\u015f birli\u011fi ba\u015flatt\u0131\u011f\u0131n\u0131 belirtti. &hellip;<\/p>\n","protected":false},"author":39,"featured_media":324417,"comment_status":"closed","ping_status":"closed","sticky":false,"template":"","format":"standard","meta":{"footnotes":""},"categories":[458,589,459,17988],"tags":[],"class_list":["post-324415","post","type-post","status-publish","format-standard","has-post-thumbnail","","category-dunya1","category-haber-seridi","category-haberler-arap-uluslararasi-politika","category-son-haberler"],"_links":{"self":[{"href":"https:\/\/archive.sana.sy\/tr\/index.php?rest_route=\/wp\/v2\/posts\/324415","targetHints":{"allow":["GET"]}}],"collection":[{"href":"https:\/\/archive.sana.sy\/tr\/index.php?rest_route=\/wp\/v2\/posts"}],"about":[{"href":"https:\/\/archive.sana.sy\/tr\/index.php?rest_route=\/wp\/v2\/types\/post"}],"author":[{"embeddable":true,"href":"https:\/\/archive.sana.sy\/tr\/index.php?rest_route=\/wp\/v2\/users\/39"}],"replies":[{"embeddable":true,"href":"https:\/\/archive.sana.sy\/tr\/index.php?rest_route=%2Fwp%2Fv2%2Fcomments&post=324415"}],"version-history":[{"count":3,"href":"https:\/\/archive.sana.sy\/tr\/index.php?rest_route=\/wp\/v2\/posts\/324415\/revisions"}],"predecessor-version":[{"id":324422,"href":"https:\/\/archive.sana.sy\/tr\/index.php?rest_route=\/wp\/v2\/posts\/324415\/revisions\/324422"}],"wp:featuredmedia":[{"embeddable":true,"href":"https:\/\/archive.sana.sy\/tr\/index.php?rest_route=\/wp\/v2\/media\/324417"}],"wp:attachment":[{"href":"https:\/\/archive.sana.sy\/tr\/index.php?rest_route=%2Fwp%2Fv2%2Fmedia&parent=324415"}],"wp:term":[{"taxonomy":"category","embeddable":true,"href":"https:\/\/archive.sana.sy\/tr\/index.php?rest_route=%2Fwp%2Fv2%2Fcategories&post=324415"},{"taxonomy":"post_tag","embeddable":true,"href":"https:\/\/archive.sana.sy\/tr\/index.php?rest_route=%2Fwp%2Fv2%2Ftags&post=324415"}],"curies":[{"name":"wp","href":"https:\/\/api.w.org\/{rel}","templated":true}]}}