{"id":324430,"date":"2025-07-02T15:38:37","date_gmt":"2025-07-02T12:38:37","guid":{"rendered":"https:\/\/sana.sy\/tr\/?p=324430"},"modified":"2025-07-02T15:38:37","modified_gmt":"2025-07-02T12:38:37","slug":"suriye-kahiredeki-arap-gumruk-birligi-komitesinin-44-toplantisina-katildi","status":"publish","type":"post","link":"https:\/\/archive.sana.sy\/tr\/?p=324430","title":{"rendered":"Suriye, Kahire&#8217;deki Arap G\u00fcmr\u00fck Birli\u011fi Komitesi&#8217;nin 44. Toplant\u0131s\u0131na Kat\u0131ld\u0131"},"content":{"rendered":"<p style=\"text-align: justify;\"><span style=\"color: #ff0000;\"><strong>KAH\u0130RE (SANA)<\/strong> <\/span>&#8211; Suriye Kara ve Deniz Limanlar\u0131 Genel Otoritesi&#8217;nden, Otorite&#8217;nin Yerel ve Uluslararas\u0131 \u0130li\u015fkiler Direkt\u00f6r\u00fc Mazen Allu\u015f ba\u015fkanl\u0131\u011f\u0131ndaki bir heyet, bug\u00fcn Kahire&#8217;deki Arap Devletleri Birli\u011fi merkezinde d\u00fczenlenen Arap G\u00fcmr\u00fck Birli\u011fi Komitesi&#8217;nin 44. toplant\u0131s\u0131na kat\u0131ld\u0131.<\/p>\n<p style=\"text-align: justify;\">\u00c7e\u015fitli \u00fcye devletlerden gelen g\u00fcmr\u00fck heyetleri, Arap g\u00fcmr\u00fck i\u015f birli\u011finin g\u00fc\u00e7lendirilmesi, prosed\u00fcrleri ve teknik standartlar\u0131 birle\u015ftirme mekanizmalar\u0131 ve Arap \u00fclkeleri aras\u0131ndaki ticareti kolayla\u015ft\u0131rma ile ilgili bir dizi konuyu g\u00f6r\u00fc\u015ft\u00fc.<\/p>\n<p style=\"text-align: justify;\">Otorite&#8217;nin Telegram kanal\u0131nda yay\u0131nlad\u0131\u011f\u0131 bilgiye g\u00f6re, toplant\u0131 Arap \u00fclkeleri aras\u0131nda birle\u015fik bir g\u00fcmr\u00fck tarifesi takvimi \u00fczerindeki m\u00fczakerelerin h\u0131zland\u0131r\u0131lmas\u0131na odaklanan birka\u00e7 \u00f6neriyle sona erdi.<\/p>\n","protected":false},"excerpt":{"rendered":"<p>KAH\u0130RE (SANA) &#8211; Suriye Kara ve Deniz Limanlar\u0131 Genel Otoritesi&#8217;nden, Otorite&#8217;nin Yerel ve Uluslararas\u0131 \u0130li\u015fkiler Direkt\u00f6r\u00fc Mazen Allu\u015f ba\u015fkanl\u0131\u011f\u0131ndaki bir heyet, bug\u00fcn Kahire&#8217;deki Arap Devletleri Birli\u011fi merkezinde d\u00fczenlenen Arap G\u00fcmr\u00fck Birli\u011fi Komitesi&#8217;nin 44. toplant\u0131s\u0131na kat\u0131ld\u0131. \u00c7e\u015fitli \u00fcye devletlerden gelen g\u00fcmr\u00fck heyetleri, Arap g\u00fcmr\u00fck i\u015f birli\u011finin g\u00fc\u00e7lendirilmesi, prosed\u00fcrleri ve teknik standartlar\u0131 birle\u015ftirme mekanizmalar\u0131 ve Arap \u00fclkeleri &hellip;<\/p>\n","protected":false},"author":36,"featured_media":324431,"comment_status":"closed","ping_status":"closed","sticky":false,"template":"","format":"standard","meta":{"footnotes":""},"categories":[458,589,459,17988],"tags":[],"class_list":["post-324430","post","type-post","status-publish","format-standard","has-post-thumbnail","","category-dunya1","category-haber-seridi","category-haberler-arap-uluslararasi-politika","category-son-haberler"],"_links":{"self":[{"href":"https:\/\/archive.sana.sy\/tr\/index.php?rest_route=\/wp\/v2\/posts\/324430","targetHints":{"allow":["GET"]}}],"collection":[{"href":"https:\/\/archive.sana.sy\/tr\/index.php?rest_route=\/wp\/v2\/posts"}],"about":[{"href":"https:\/\/archive.sana.sy\/tr\/index.php?rest_route=\/wp\/v2\/types\/post"}],"author":[{"embeddable":true,"href":"https:\/\/archive.sana.sy\/tr\/index.php?rest_route=\/wp\/v2\/users\/36"}],"replies":[{"embeddable":true,"href":"https:\/\/archive.sana.sy\/tr\/index.php?rest_route=%2Fwp%2Fv2%2Fcomments&post=324430"}],"version-history":[{"count":1,"href":"https:\/\/archive.sana.sy\/tr\/index.php?rest_route=\/wp\/v2\/posts\/324430\/revisions"}],"predecessor-version":[{"id":324432,"href":"https:\/\/archive.sana.sy\/tr\/index.php?rest_route=\/wp\/v2\/posts\/324430\/revisions\/324432"}],"wp:featuredmedia":[{"embeddable":true,"href":"https:\/\/archive.sana.sy\/tr\/index.php?rest_route=\/wp\/v2\/media\/324431"}],"wp:attachment":[{"href":"https:\/\/archive.sana.sy\/tr\/index.php?rest_route=%2Fwp%2Fv2%2Fmedia&parent=324430"}],"wp:term":[{"taxonomy":"category","embeddable":true,"href":"https:\/\/archive.sana.sy\/tr\/index.php?rest_route=%2Fwp%2Fv2%2Fcategories&post=324430"},{"taxonomy":"post_tag","embeddable":true,"href":"https:\/\/archive.sana.sy\/tr\/index.php?rest_route=%2Fwp%2Fv2%2Ftags&post=324430"}],"curies":[{"name":"wp","href":"https:\/\/api.w.org\/{rel}","templated":true}]}}