{"id":324436,"date":"2025-07-02T17:10:52","date_gmt":"2025-07-02T14:10:52","guid":{"rendered":"https:\/\/sana.sy\/tr\/?p=324436"},"modified":"2025-07-03T22:42:41","modified_gmt":"2025-07-03T19:42:41","slug":"hamanin-cebrin-ilcesinde-meydana-gelen-patlamada-cok-sayida-sivil-hayatini-kaybetti-ve-yaralandi","status":"publish","type":"post","link":"https:\/\/archive.sana.sy\/tr\/?p=324436","title":{"rendered":"Hama&#8217;n\u0131n Cebrin \u0130l\u00e7esinde Meydana Gelen Patlamada \u00c7ok Say\u0131da Sivil Hayat\u0131n\u0131 Kaybetti Ve Yaraland\u0131"},"content":{"rendered":"<p style=\"text-align: justify;\"><span style=\"color: #ff0000;\"><strong>HAMA (SANA)<\/strong> <\/span>&#8211; Hama Valili\u011fi&#8217;ne ba\u011fl\u0131 Cibrin kasabas\u0131nda meydana gelen patlamada \u00e7ok say\u0131da sivil \u00f6ld\u00fc ve yaraland\u0131.<\/p>\n<p style=\"text-align: justify;\">Hama Polis Komutanl\u0131\u011f\u0131&#8217;ndaki bir kaynak, SANA muhabirine &#8220;patlaman\u0131n bir yak\u0131t tankerindeki yang\u0131ndan kaynakland\u0131\u011f\u0131n\u0131, \u00e7ok say\u0131da sivilin \u00f6l\u00fcm\u00fcne ve di\u011ferlerinin yaralanmas\u0131na yol a\u00e7t\u0131\u011f\u0131n\u0131&#8221; s\u00f6yledi. Ayr\u0131ca &#8220;sivil savunma ve ambulans ekiplerinin patlama yerine sevk edildi\u011fini&#8221; de s\u00f6zlerine ekledi.<\/p>\n<div id='gallery-1' class='gallery galleryid-324436 gallery-columns-1 gallery-size-full'><figure class='gallery-item'>\n\t\t\t<div class='gallery-icon landscape'>\n\t\t\t\t<a href='https:\/\/archive.sana.sy\/tr\/?attachment_id=324438'><img loading=\"lazy\" decoding=\"async\" width=\"1280\" height=\"717\" src=\"https:\/\/archive.sana.sy\/tr\/wp-content\/uploads\/2025\/07\/photo_2025-07-02_16-43-54.jpg\" class=\"attachment-full size-full\" alt=\"\" srcset=\"https:\/\/archive.sana.sy\/tr\/wp-content\/uploads\/2025\/07\/photo_2025-07-02_16-43-54.jpg 1280w, https:\/\/archive.sana.sy\/tr\/wp-content\/uploads\/2025\/07\/photo_2025-07-02_16-43-54-300x168.jpg 300w, https:\/\/archive.sana.sy\/tr\/wp-content\/uploads\/2025\/07\/photo_2025-07-02_16-43-54-1024x574.jpg 1024w, https:\/\/archive.sana.sy\/tr\/wp-content\/uploads\/2025\/07\/photo_2025-07-02_16-43-54-768x430.jpg 768w\" sizes=\"auto, (max-width: 1280px) 100vw, 1280px\" \/><\/a>\n\t\t\t<\/div><\/figure><figure class='gallery-item'>\n\t\t\t<div class='gallery-icon landscape'>\n\t\t\t\t<a href='https:\/\/archive.sana.sy\/tr\/?attachment_id=324439'><img loading=\"lazy\" decoding=\"async\" width=\"1280\" height=\"717\" src=\"https:\/\/archive.sana.sy\/tr\/wp-content\/uploads\/2025\/07\/photo_2025-07-02_16-43-57-3.jpg\" class=\"attachment-full size-full\" alt=\"\" srcset=\"https:\/\/archive.sana.sy\/tr\/wp-content\/uploads\/2025\/07\/photo_2025-07-02_16-43-57-3.jpg 1280w, https:\/\/archive.sana.sy\/tr\/wp-content\/uploads\/2025\/07\/photo_2025-07-02_16-43-57-3-300x168.jpg 300w, https:\/\/archive.sana.sy\/tr\/wp-content\/uploads\/2025\/07\/photo_2025-07-02_16-43-57-3-1024x574.jpg 1024w, https:\/\/archive.sana.sy\/tr\/wp-content\/uploads\/2025\/07\/photo_2025-07-02_16-43-57-3-768x430.jpg 768w\" sizes=\"auto, (max-width: 1280px) 100vw, 1280px\" \/><\/a>\n\t\t\t<\/div><\/figure><figure class='gallery-item'>\n\t\t\t<div class='gallery-icon landscape'>\n\t\t\t\t<a href='https:\/\/archive.sana.sy\/tr\/?attachment_id=324440'><img loading=\"lazy\" decoding=\"async\" width=\"1280\" height=\"853\" src=\"https:\/\/archive.sana.sy\/tr\/wp-content\/uploads\/2025\/07\/photo_2025-07-02_16-44-07.jpg\" class=\"attachment-full size-full\" alt=\"\" srcset=\"https:\/\/archive.sana.sy\/tr\/wp-content\/uploads\/2025\/07\/photo_2025-07-02_16-44-07.jpg 1280w, https:\/\/archive.sana.sy\/tr\/wp-content\/uploads\/2025\/07\/photo_2025-07-02_16-44-07-300x200.jpg 300w, https:\/\/archive.sana.sy\/tr\/wp-content\/uploads\/2025\/07\/photo_2025-07-02_16-44-07-1024x682.jpg 1024w, https:\/\/archive.sana.sy\/tr\/wp-content\/uploads\/2025\/07\/photo_2025-07-02_16-44-07-768x512.jpg 768w\" sizes=\"auto, (max-width: 1280px) 100vw, 1280px\" \/><\/a>\n\t\t\t<\/div><\/figure><figure class='gallery-item'>\n\t\t\t<div class='gallery-icon landscape'>\n\t\t\t\t<a href='https:\/\/archive.sana.sy\/tr\/?attachment_id=324441'><img loading=\"lazy\" decoding=\"async\" width=\"1280\" height=\"717\" src=\"https:\/\/archive.sana.sy\/tr\/wp-content\/uploads\/2025\/07\/photo_2025-07-02_16-44-10.jpg\" class=\"attachment-full size-full\" alt=\"\" srcset=\"https:\/\/archive.sana.sy\/tr\/wp-content\/uploads\/2025\/07\/photo_2025-07-02_16-44-10.jpg 1280w, https:\/\/archive.sana.sy\/tr\/wp-content\/uploads\/2025\/07\/photo_2025-07-02_16-44-10-300x168.jpg 300w, https:\/\/archive.sana.sy\/tr\/wp-content\/uploads\/2025\/07\/photo_2025-07-02_16-44-10-1024x574.jpg 1024w, https:\/\/archive.sana.sy\/tr\/wp-content\/uploads\/2025\/07\/photo_2025-07-02_16-44-10-768x430.jpg 768w\" sizes=\"auto, (max-width: 1280px) 100vw, 1280px\" \/><\/a>\n\t\t\t<\/div><\/figure>\n\t\t<\/div>\n\n","protected":false},"excerpt":{"rendered":"<p>HAMA (SANA) &#8211; Hama Valili\u011fi&#8217;ne ba\u011fl\u0131 Cibrin kasabas\u0131nda meydana gelen patlamada \u00e7ok say\u0131da sivil \u00f6ld\u00fc ve yaraland\u0131. Hama Polis Komutanl\u0131\u011f\u0131&#8217;ndaki bir kaynak, SANA muhabirine &#8220;patlaman\u0131n bir yak\u0131t tankerindeki yang\u0131ndan kaynakland\u0131\u011f\u0131n\u0131, \u00e7ok say\u0131da sivilin \u00f6l\u00fcm\u00fcne ve di\u011ferlerinin yaralanmas\u0131na yol a\u00e7t\u0131\u011f\u0131n\u0131&#8221; s\u00f6yledi. Ayr\u0131ca &#8220;sivil savunma ve ambulans ekiplerinin patlama yerine sevk edildi\u011fini&#8221; de s\u00f6zlerine ekledi.<\/p>\n","protected":false},"author":41,"featured_media":324437,"comment_status":"closed","ping_status":"closed","sticky":false,"template":"","format":"standard","meta":{"footnotes":""},"categories":[589,479,17988,478],"tags":[43982],"class_list":["post-324436","post","type-post","status-publish","format-standard","has-post-thumbnail","","category-haber-seridi","category-haberler-yerel","category-son-haberler","category-yerel","tag-hamanin-cebrin-ilcesinde-meydana-gelen-patlamada-cok-sayida-sivil-hayatini-kaybetti-ve-yaralandi"],"_links":{"self":[{"href":"https:\/\/archive.sana.sy\/tr\/index.php?rest_route=\/wp\/v2\/posts\/324436","targetHints":{"allow":["GET"]}}],"collection":[{"href":"https:\/\/archive.sana.sy\/tr\/index.php?rest_route=\/wp\/v2\/posts"}],"about":[{"href":"https:\/\/archive.sana.sy\/tr\/index.php?rest_route=\/wp\/v2\/types\/post"}],"author":[{"embeddable":true,"href":"https:\/\/archive.sana.sy\/tr\/index.php?rest_route=\/wp\/v2\/users\/41"}],"replies":[{"embeddable":true,"href":"https:\/\/archive.sana.sy\/tr\/index.php?rest_route=%2Fwp%2Fv2%2Fcomments&post=324436"}],"version-history":[{"count":3,"href":"https:\/\/archive.sana.sy\/tr\/index.php?rest_route=\/wp\/v2\/posts\/324436\/revisions"}],"predecessor-version":[{"id":324488,"href":"https:\/\/archive.sana.sy\/tr\/index.php?rest_route=\/wp\/v2\/posts\/324436\/revisions\/324488"}],"wp:featuredmedia":[{"embeddable":true,"href":"https:\/\/archive.sana.sy\/tr\/index.php?rest_route=\/wp\/v2\/media\/324437"}],"wp:attachment":[{"href":"https:\/\/archive.sana.sy\/tr\/index.php?rest_route=%2Fwp%2Fv2%2Fmedia&parent=324436"}],"wp:term":[{"taxonomy":"category","embeddable":true,"href":"https:\/\/archive.sana.sy\/tr\/index.php?rest_route=%2Fwp%2Fv2%2Fcategories&post=324436"},{"taxonomy":"post_tag","embeddable":true,"href":"https:\/\/archive.sana.sy\/tr\/index.php?rest_route=%2Fwp%2Fv2%2Ftags&post=324436"}],"curies":[{"name":"wp","href":"https:\/\/api.w.org\/{rel}","templated":true}]}}