{"id":324443,"date":"2025-07-02T17:36:40","date_gmt":"2025-07-02T14:36:40","guid":{"rendered":"https:\/\/sana.sy\/tr\/?p=324443"},"modified":"2025-07-02T17:55:15","modified_gmt":"2025-07-02T14:55:15","slug":"son-24-saatte-2-500-turk-vatandasligi-tasiyan-suriyeli-ulkesine-dondu","status":"publish","type":"post","link":"https:\/\/archive.sana.sy\/tr\/?p=324443","title":{"rendered":"Son 24 Saatte 2.500 T\u00fcrk Vatanda\u015fl\u0131\u011f\u0131 Ta\u015f\u0131yan Suriyeli \u00dclkesine D\u00f6nd\u00fc"},"content":{"rendered":"<p style=\"text-align: justify;\"><strong><span style=\"color: #ff0000;\">\u015eAM (SANA) &#8211;<\/span><\/strong>\u00a0 \u00a0Kara ve Deniz Limanlar\u0131 Genel M\u00fcd\u00fcrl\u00fc\u011f\u00fc Yerel ve Uluslararas\u0131 \u0130li\u015fkiler M\u00fcd\u00fcr\u00fc Mazen Allu\u015f, son 24 saatte \u00e7e\u015fitli s\u0131n\u0131r kap\u0131lar\u0131ndan Suriye&#8217;ye d\u00f6nen T\u00fcrk vatanda\u015fl\u0131\u011f\u0131 ta\u015f\u0131yan Suriye vatanda\u015flar\u0131n\u0131n say\u0131s\u0131n\u0131n, \u00e7e\u015fitli T\u00fcrk illerinden gelerek yakla\u015f\u0131k 2.500&#8217;e ula\u015ft\u0131\u011f\u0131n\u0131 vurgulad\u0131.<\/p>\n<p style=\"text-align: justify;\"><img loading=\"lazy\" decoding=\"async\" class=\" wp-image-324444 alignright\" style=\"text-align: justify;\" src=\"http:\/\/sana.sy\/tr\/wp-content\/uploads\/2025\/07\/photo_2025-07-02_15-29-50-300x168-1.jpg\" alt=\"\" width=\"288\" height=\"161\" \/>Bug\u00fcn SANA muhabirine yapt\u0131\u011f\u0131 a\u00e7\u0131klamada Allu\u015f, gelenlerin Bab El Hava, El <span style=\"text-align: justify;\">Selama, Cerablus, El Rai ve Kesab s\u0131n\u0131r kap\u0131lar\u0131ndan, titiz bir organizasyon ve kolayla\u015ft\u0131r\u0131lm\u0131\u015f prosed\u00fcrler e\u015fli\u011finde girdiklerini a\u00e7\u0131klad\u0131.<br \/>\n<\/span><\/p>\n<p style=\"text-align: justify;\">Allu\u015f ayr\u0131ca \u015funlar\u0131 kaydetti:\u00a0 &#8220;Suriye s\u0131n\u0131r kap\u0131s\u0131 personelinin y\u00fcksek d\u00fczeydeki haz\u0131rl\u0131\u011f\u0131na ra\u011fmen, g\u00f6n\u00fcll\u00fc d\u00f6n\u00fc\u015f rotas\u0131nda \u00e7ok say\u0131da geri d\u00f6nenle birlikte \u00e7ifte vatanda\u015f\u0131n ayn\u0131 anda ge\u00e7i\u015finden kaynaklanan yo\u011fun bask\u0131, T\u00fcrk taraf\u0131n\u0131n prosed\u00fcrlerinde bir miktar yava\u015flamaya yol a\u00e7t\u0131.&#8221;<\/p>\n<p style=\"text-align: justify;\">Allu\u015f, Suriye&#8217;deki t\u00fcm s\u0131n\u0131r kap\u0131lar\u0131nda Suriyeli \u00e7ifte vatanda\u015flara herhangi bir \u00fccret uygulanmad\u0131\u011f\u0131n\u0131, Kasab s\u0131n\u0131r kap\u0131s\u0131 hari\u00e7, burada yolcular\u0131n ge\u00e7i\u015fte T\u00fcrk taraf\u0131na 710 T\u00fcrk Liras\u0131 \u00f6demesi gerekti\u011fini kaydetti.<\/p>\n<p>Bug\u00fcne kadar T\u00fcrk vatanda\u015fl\u0131\u011f\u0131 alan Suriyelilerin T\u00fcrkiye topraklar\u0131na geri g\u00f6nderilmesi i\u00e7in belirli veya zorunlu bir zaman diliminin bulunmad\u0131\u011f\u0131n\u0131 belirten Allu\u015f, \u2018\u2019\u0130lgili T\u00fcrk makamlar\u0131ndan bu konuda herhangi bir talimat almad\u0131k\u2019\u2019 ifadelerini kulland\u0131.<\/p>\n","protected":false},"excerpt":{"rendered":"<p>\u015eAM (SANA) &#8211;\u00a0 \u00a0Kara ve Deniz Limanlar\u0131 Genel M\u00fcd\u00fcrl\u00fc\u011f\u00fc Yerel ve Uluslararas\u0131 \u0130li\u015fkiler M\u00fcd\u00fcr\u00fc Mazen Allu\u015f, son 24 saatte \u00e7e\u015fitli s\u0131n\u0131r kap\u0131lar\u0131ndan Suriye&#8217;ye d\u00f6nen T\u00fcrk vatanda\u015fl\u0131\u011f\u0131 ta\u015f\u0131yan Suriye vatanda\u015flar\u0131n\u0131n say\u0131s\u0131n\u0131n, \u00e7e\u015fitli T\u00fcrk illerinden gelerek yakla\u015f\u0131k 2.500&#8217;e ula\u015ft\u0131\u011f\u0131n\u0131 vurgulad\u0131. Bug\u00fcn SANA muhabirine yapt\u0131\u011f\u0131 a\u00e7\u0131klamada Allu\u015f, gelenlerin Bab El Hava, El Selama, Cerablus, El Rai ve Kesab &hellip;<\/p>\n","protected":false},"author":41,"featured_media":324446,"comment_status":"closed","ping_status":"closed","sticky":false,"template":"","format":"standard","meta":{"footnotes":""},"categories":[589,17988,2555],"tags":[],"class_list":["post-324443","post","type-post","status-publish","format-standard","has-post-thumbnail","","category-haber-seridi","category-son-haberler","category-suriye-ve-turkiye"],"_links":{"self":[{"href":"https:\/\/archive.sana.sy\/tr\/index.php?rest_route=\/wp\/v2\/posts\/324443","targetHints":{"allow":["GET"]}}],"collection":[{"href":"https:\/\/archive.sana.sy\/tr\/index.php?rest_route=\/wp\/v2\/posts"}],"about":[{"href":"https:\/\/archive.sana.sy\/tr\/index.php?rest_route=\/wp\/v2\/types\/post"}],"author":[{"embeddable":true,"href":"https:\/\/archive.sana.sy\/tr\/index.php?rest_route=\/wp\/v2\/users\/41"}],"replies":[{"embeddable":true,"href":"https:\/\/archive.sana.sy\/tr\/index.php?rest_route=%2Fwp%2Fv2%2Fcomments&post=324443"}],"version-history":[{"count":3,"href":"https:\/\/archive.sana.sy\/tr\/index.php?rest_route=\/wp\/v2\/posts\/324443\/revisions"}],"predecessor-version":[{"id":324449,"href":"https:\/\/archive.sana.sy\/tr\/index.php?rest_route=\/wp\/v2\/posts\/324443\/revisions\/324449"}],"wp:featuredmedia":[{"embeddable":true,"href":"https:\/\/archive.sana.sy\/tr\/index.php?rest_route=\/wp\/v2\/media\/324446"}],"wp:attachment":[{"href":"https:\/\/archive.sana.sy\/tr\/index.php?rest_route=%2Fwp%2Fv2%2Fmedia&parent=324443"}],"wp:term":[{"taxonomy":"category","embeddable":true,"href":"https:\/\/archive.sana.sy\/tr\/index.php?rest_route=%2Fwp%2Fv2%2Fcategories&post=324443"},{"taxonomy":"post_tag","embeddable":true,"href":"https:\/\/archive.sana.sy\/tr\/index.php?rest_route=%2Fwp%2Fv2%2Ftags&post=324443"}],"curies":[{"name":"wp","href":"https:\/\/api.w.org\/{rel}","templated":true}]}}