{"id":324451,"date":"2025-07-02T18:07:18","date_gmt":"2025-07-02T15:07:18","guid":{"rendered":"https:\/\/sana.sy\/tr\/?p=324451"},"modified":"2025-07-02T18:10:19","modified_gmt":"2025-07-02T15:10:19","slug":"acil-durum-bakanligi-suriye-ulusal-kayip-kisiler-komisyonu-ile-zorluklari-ve-calisma-mekanizmalarini-gorustu","status":"publish","type":"post","link":"https:\/\/archive.sana.sy\/tr\/?p=324451","title":{"rendered":"Acil Durum Bakanl\u0131\u011f\u0131, Suriye Ulusal Kay\u0131p Ki\u015filer Komisyonu \u0130le Zorluklar\u0131 Ve \u00c7al\u0131\u015fma Mekanizmalar\u0131n\u0131 G\u00f6r\u00fc\u015ft\u00fc"},"content":{"rendered":"<p style=\"text-align: justify;\"><span style=\"color: #ff0000;\"><strong>\u015eAM (SANA)<\/strong> <\/span>&#8211;\u00a0 Acil Durum ve Afet Y\u00f6netimi Bakan\u0131 Raed El Salih, Suriye Ulusal Kay\u0131p Ki\u015filer Komisyonu Ba\u015fkan\u0131 Muhammed R\u0131za Celhi ile ortak i\u015fbirli\u011fini geli\u015ftirmenin yollar\u0131n\u0131, komisyonun \u00e7al\u0131\u015fma mekanizmalar\u0131n\u0131 ve kar\u015f\u0131la\u015ft\u0131\u011f\u0131 zorluklar\u0131 g\u00f6r\u00fc\u015ft\u00fc.<\/p>\n<p style=\"text-align: justify;\">Bug\u00fcn bakanl\u0131kta d\u00fczenlenen toplant\u0131da, iki taraf kay\u0131p ki\u015filer dosyas\u0131n\u0131n Suriye&#8217;de adalet ve hakikat s\u00fcrecinin ayr\u0131lmaz bir par\u00e7as\u0131 oldu\u011funu ve su\u00e7lu Esad rejimi ile m\u00fcttefiklerinin binlerce Suriyeli aileye kar\u015f\u0131 i\u015fledikleri a\u011f\u0131r ihlallerden sorumlu tutulmalar\u0131 yolunda \u00f6nemli bir ad\u0131m oldu\u011funu vurgulad\u0131.<\/p>\n<p style=\"text-align: justify;\">Bakan El Salih ayr\u0131ca, bakanl\u0131\u011f\u0131n Sivil Savunma Te\u015fkilat\u0131&#8217;nda uzun y\u0131llar boyunca \u00e7al\u0131\u015fan bakanl\u0131k personelinin edindi\u011fi dosyalardan ve uzmanl\u0131ktan yararlanarak her t\u00fcrl\u00fc yard\u0131m\u0131 sa\u011flamaya haz\u0131r oldu\u011funu belirtti.<\/p>\n<p style=\"text-align: justify;\">Celhi ise kay\u0131plar\u0131n ak\u0131betinin ortaya \u00e7\u0131kar\u0131lmas\u0131 i\u00e7in \u00e7al\u0131\u015fman\u0131n \u00f6nemli ve zorunlu oldu\u011funu, bunun zamanla ortadan kalkmayacak bir insan hakk\u0131, ertelenemeyecek bir ulusal g\u00f6rev ve t\u00fcm Suriyeliler i\u00e7in toplumsal bir sorumluluk oldu\u011funu vurgulad\u0131.<\/p>\n","protected":false},"excerpt":{"rendered":"<p>\u015eAM (SANA) &#8211;\u00a0 Acil Durum ve Afet Y\u00f6netimi Bakan\u0131 Raed El Salih, Suriye Ulusal Kay\u0131p Ki\u015filer Komisyonu Ba\u015fkan\u0131 Muhammed R\u0131za Celhi ile ortak i\u015fbirli\u011fini geli\u015ftirmenin yollar\u0131n\u0131, komisyonun \u00e7al\u0131\u015fma mekanizmalar\u0131n\u0131 ve kar\u015f\u0131la\u015ft\u0131\u011f\u0131 zorluklar\u0131 g\u00f6r\u00fc\u015ft\u00fc. Bug\u00fcn bakanl\u0131kta d\u00fczenlenen toplant\u0131da, iki taraf kay\u0131p ki\u015filer dosyas\u0131n\u0131n Suriye&#8217;de adalet ve hakikat s\u00fcrecinin ayr\u0131lmaz bir par\u00e7as\u0131 oldu\u011funu ve su\u00e7lu Esad rejimi &hellip;<\/p>\n","protected":false},"author":41,"featured_media":324452,"comment_status":"closed","ping_status":"closed","sticky":false,"template":"","format":"standard","meta":{"footnotes":""},"categories":[589,479,17988,478],"tags":[],"class_list":["post-324451","post","type-post","status-publish","format-standard","has-post-thumbnail","","category-haber-seridi","category-haberler-yerel","category-son-haberler","category-yerel"],"_links":{"self":[{"href":"https:\/\/archive.sana.sy\/tr\/index.php?rest_route=\/wp\/v2\/posts\/324451","targetHints":{"allow":["GET"]}}],"collection":[{"href":"https:\/\/archive.sana.sy\/tr\/index.php?rest_route=\/wp\/v2\/posts"}],"about":[{"href":"https:\/\/archive.sana.sy\/tr\/index.php?rest_route=\/wp\/v2\/types\/post"}],"author":[{"embeddable":true,"href":"https:\/\/archive.sana.sy\/tr\/index.php?rest_route=\/wp\/v2\/users\/41"}],"replies":[{"embeddable":true,"href":"https:\/\/archive.sana.sy\/tr\/index.php?rest_route=%2Fwp%2Fv2%2Fcomments&post=324451"}],"version-history":[{"count":3,"href":"https:\/\/archive.sana.sy\/tr\/index.php?rest_route=\/wp\/v2\/posts\/324451\/revisions"}],"predecessor-version":[{"id":324455,"href":"https:\/\/archive.sana.sy\/tr\/index.php?rest_route=\/wp\/v2\/posts\/324451\/revisions\/324455"}],"wp:featuredmedia":[{"embeddable":true,"href":"https:\/\/archive.sana.sy\/tr\/index.php?rest_route=\/wp\/v2\/media\/324452"}],"wp:attachment":[{"href":"https:\/\/archive.sana.sy\/tr\/index.php?rest_route=%2Fwp%2Fv2%2Fmedia&parent=324451"}],"wp:term":[{"taxonomy":"category","embeddable":true,"href":"https:\/\/archive.sana.sy\/tr\/index.php?rest_route=%2Fwp%2Fv2%2Fcategories&post=324451"},{"taxonomy":"post_tag","embeddable":true,"href":"https:\/\/archive.sana.sy\/tr\/index.php?rest_route=%2Fwp%2Fv2%2Ftags&post=324451"}],"curies":[{"name":"wp","href":"https:\/\/api.w.org\/{rel}","templated":true}]}}