{"id":324463,"date":"2025-07-03T11:37:04","date_gmt":"2025-07-03T08:37:04","guid":{"rendered":"https:\/\/sana.sy\/tr\/?p=324463"},"modified":"2025-07-03T11:54:14","modified_gmt":"2025-07-03T08:54:14","slug":"turkiye-ile-avrupa-birligi-suriyede-teror-ve-huzursuzlugun-sona-erdirilmesine-yonelik-cabalari-destekleme-konusunda-anlasti","status":"publish","type":"post","link":"https:\/\/archive.sana.sy\/tr\/?p=324463","title":{"rendered":"T\u00fcrkiye ile Avrupa Birli\u011fi, Suriye&#8217;de Ter\u00f6r ve Huzursuzlu\u011fun Sona Erdirilmesine Y\u00f6nelik \u00c7abalar\u0131 Destekleme Konusunda Anla\u015ft\u0131"},"content":{"rendered":"<p style=\"text-align: justify;\"><strong>ANKARA (SANA) \u2013<\/strong> T\u00fcrkiye ile Avrupa Birli\u011fi, Suriye&#8217;de ter\u00f6rizmin ve huzursuzlu\u011fun sona erdirilmesi, ayr\u0131ca Suriyeli m\u00fcltecilerin \u00fclkelerine g\u00f6n\u00fcll\u00fc, g\u00fcvenli ve onurlu bir \u015fekilde d\u00f6n\u00fc\u015fleri i\u00e7in gerekli ko\u015fullar\u0131n sa\u011flanmas\u0131na y\u00f6nelik \u00e7abalar\u0131 desteklemek amac\u0131yla i\u015f birli\u011fini g\u00fc\u00e7lendirme konusunda mutabakata vard\u0131.<\/p>\n<p style=\"text-align: justify;\">T\u00fcrkiye \u0130\u00e7i\u015fleri Bakanl\u0131\u011f\u0131 taraf\u0131ndan yap\u0131lan a\u00e7\u0131klamaya g\u00f6re, s\u00f6z konusu mutabakat, \u0130\u00e7i\u015fleri Bakan\u0131 Ali Yerlikaya ile Avrupa Komisyonu\u2019nun g\u00f6\u00e7ten sorumlu \u00fcyesi Magnus Brunner\u2019in ba\u015fkanl\u0131\u011f\u0131nda \u0130stanbul\u2019da d\u00fczenlenen T\u00fcrkiye-AB G\u00f6\u00e7 ve G\u00fcvenlik Toplant\u0131s\u0131\u2019n\u0131n ard\u0131ndan duyuruldu.<\/p>\n<p style=\"text-align: justify;\">A\u00e7\u0131klamada, her iki taraf\u0131n da Suriye\u2019nin istikrar\u0131 ve refah\u0131n\u0131n yaln\u0131zca T\u00fcrkiye ve Avrupa Birli\u011fi i\u00e7in de\u011fil, t\u00fcm b\u00f6lge a\u00e7\u0131s\u0131ndan b\u00fcy\u00fck \u00f6nem ta\u015f\u0131d\u0131\u011f\u0131n\u0131 vurgulad\u0131\u011f\u0131 belirtildi. Toplant\u0131da ayr\u0131ca, insan ka\u00e7ak\u00e7\u0131l\u0131\u011f\u0131, organize su\u00e7lar ve s\u0131n\u0131r \u00f6tesi ter\u00f6rle m\u00fccadele konular\u0131nda y\u00fcr\u00fct\u00fclen ortak \u00e7abalar ele al\u0131nd\u0131.<\/p>\n<p style=\"text-align: justify;\">Bakan Yerlikaya\u2019n\u0131n, T\u00fcrkiye\u2019nin art\u0131k g\u00f6\u00e7 i\u00e7in bir hedef \u00fclke ya da ge\u00e7i\u015f noktas\u0131 olmad\u0131\u011f\u0131n\u0131 ifade etti\u011fi kaydedilen a\u00e7\u0131klamada, Suriyelilerin \u00fclkelerine g\u00f6n\u00fcll\u00fc, g\u00fcvenli ve d\u00fczenli d\u00f6n\u00fc\u015flerinde belirgin bir art\u0131\u015f ya\u015fand\u0131\u011f\u0131na dikkat \u00e7ekildi.<\/p>\n<p style=\"text-align: justify;\">Yerlikaya, bu art\u0131\u015f\u0131n Be\u015f\u015far Esad rejiminin \u00e7\u00f6k\u00fc\u015f\u00fcyle ayn\u0131 d\u00f6neme denk geldi\u011fini belirterek, T\u00fcrkiye\u2019nin uluslararas\u0131 hukuka ve insan haklar\u0131na ba\u011fl\u0131l\u0131\u011f\u0131n\u0131 yineledi.<\/p>\n","protected":false},"excerpt":{"rendered":"<p>ANKARA (SANA) \u2013 T\u00fcrkiye ile Avrupa Birli\u011fi, Suriye&#8217;de ter\u00f6rizmin ve huzursuzlu\u011fun sona erdirilmesi, ayr\u0131ca Suriyeli m\u00fcltecilerin \u00fclkelerine g\u00f6n\u00fcll\u00fc, g\u00fcvenli ve onurlu bir \u015fekilde d\u00f6n\u00fc\u015fleri i\u00e7in gerekli ko\u015fullar\u0131n sa\u011flanmas\u0131na y\u00f6nelik \u00e7abalar\u0131 desteklemek amac\u0131yla i\u015f birli\u011fini g\u00fc\u00e7lendirme konusunda mutabakata vard\u0131. T\u00fcrkiye \u0130\u00e7i\u015fleri Bakanl\u0131\u011f\u0131 taraf\u0131ndan yap\u0131lan a\u00e7\u0131klamaya g\u00f6re, s\u00f6z konusu mutabakat, \u0130\u00e7i\u015fleri Bakan\u0131 Ali Yerlikaya ile Avrupa Komisyonu\u2019nun &hellip;<\/p>\n","protected":false},"author":39,"featured_media":324464,"comment_status":"closed","ping_status":"closed","sticky":false,"template":"","format":"standard","meta":{"footnotes":""},"categories":[458,589,459,17988,2554,2555],"tags":[],"class_list":["post-324463","post","type-post","status-publish","format-standard","has-post-thumbnail","","category-dunya1","category-haber-seridi","category-haberler-arap-uluslararasi-politika","category-son-haberler","category-suriye-ve-dunya","category-suriye-ve-turkiye"],"_links":{"self":[{"href":"https:\/\/archive.sana.sy\/tr\/index.php?rest_route=\/wp\/v2\/posts\/324463","targetHints":{"allow":["GET"]}}],"collection":[{"href":"https:\/\/archive.sana.sy\/tr\/index.php?rest_route=\/wp\/v2\/posts"}],"about":[{"href":"https:\/\/archive.sana.sy\/tr\/index.php?rest_route=\/wp\/v2\/types\/post"}],"author":[{"embeddable":true,"href":"https:\/\/archive.sana.sy\/tr\/index.php?rest_route=\/wp\/v2\/users\/39"}],"replies":[{"embeddable":true,"href":"https:\/\/archive.sana.sy\/tr\/index.php?rest_route=%2Fwp%2Fv2%2Fcomments&post=324463"}],"version-history":[{"count":1,"href":"https:\/\/archive.sana.sy\/tr\/index.php?rest_route=\/wp\/v2\/posts\/324463\/revisions"}],"predecessor-version":[{"id":324465,"href":"https:\/\/archive.sana.sy\/tr\/index.php?rest_route=\/wp\/v2\/posts\/324463\/revisions\/324465"}],"wp:featuredmedia":[{"embeddable":true,"href":"https:\/\/archive.sana.sy\/tr\/index.php?rest_route=\/wp\/v2\/media\/324464"}],"wp:attachment":[{"href":"https:\/\/archive.sana.sy\/tr\/index.php?rest_route=%2Fwp%2Fv2%2Fmedia&parent=324463"}],"wp:term":[{"taxonomy":"category","embeddable":true,"href":"https:\/\/archive.sana.sy\/tr\/index.php?rest_route=%2Fwp%2Fv2%2Fcategories&post=324463"},{"taxonomy":"post_tag","embeddable":true,"href":"https:\/\/archive.sana.sy\/tr\/index.php?rest_route=%2Fwp%2Fv2%2Ftags&post=324463"}],"curies":[{"name":"wp","href":"https:\/\/api.w.org\/{rel}","templated":true}]}}