{"id":324469,"date":"2025-07-03T09:25:53","date_gmt":"2025-07-03T06:25:53","guid":{"rendered":"https:\/\/sana.sy\/tr\/?p=324469"},"modified":"2025-07-03T09:49:09","modified_gmt":"2025-07-03T06:49:09","slug":"bm-suriyenin-gelecegi-icin-insani-koordinasyonu-guclendirme-taahhudunu-yineledi","status":"publish","type":"post","link":"https:\/\/archive.sana.sy\/tr\/?p=324469","title":{"rendered":"BM, Suriye&#8217;nin Gelece\u011fi \u0130\u00e7in \u0130nsani Koordinasyonu G\u00fc\u00e7lendirme Taahh\u00fcd\u00fcn\u00fc Yineledi"},"content":{"rendered":"<p style=\"text-align: justify;\"><strong><span style=\"color: #ff0000;\">NEW YORK (SANA) \u2013<\/span><\/strong> Birle\u015fmi\u015f Milletler Suriye \u00d6zel Temsilci Yard\u0131mc\u0131s\u0131 Najat Ro\u015fdi, yapt\u0131\u011f\u0131 a\u00e7\u0131klamada, BM\u2019nin ve uluslararas\u0131 toplumun Suriye halk\u0131 i\u00e7in daha iyi bir gelecek in\u015fa etme konusundaki kararl\u0131l\u0131\u011f\u0131n\u0131 yeniden vurgulayarak, Suriye i\u00e7inde daha \u015feffaf, etkili ve koordineli bir insani m\u00fcdahale i\u00e7in ortakl\u0131klar\u0131n ve ittifaklar\u0131n g\u00fc\u00e7lendirilmesinin \u00f6nemini kaydetti.<\/p>\n<p style=\"text-align: justify;\">Ro\u015fdi, \u201cX\u201d platformu \u00fczerinden yapt\u0131\u011f\u0131 payla\u015f\u0131mda, Katar\u2019\u0131n ba\u015fkenti Doha\u2019da Birle\u015fmi\u015f Milletler \u0130nsani \u0130\u015fler Koordinasyon Ofisi (OCHA), Katar Hay\u0131r Kurumu, uluslararas\u0131 ve yerel sivil toplum kurulu\u015flar\u0131, ara\u015ft\u0131rma merkezleri ve K\u0131z\u0131lay yetkililerinin kat\u0131l\u0131m\u0131yla d\u00fczenlenen Stratejik \u0130sti\u015fare Yuvarlak Masa Toplant\u0131s\u0131\u2019na i\u015ftirak etti\u011fini, Suriye\u2019de insani ve kalk\u0131nma koordinasyonunun g\u00fc\u00e7lendirilmesine y\u00f6nelik yollar ele al\u0131nd\u0131\u011f\u0131n\u0131 belirtti.<\/p>\n<p style=\"text-align: justify;\">Ro\u015fdi ayr\u0131ca, t\u00fcm taraflar\u0131n Suriyeliler i\u00e7in daha ayd\u0131nl\u0131k bir gelecek hedefi etraf\u0131nda birle\u015fti\u011fini ifade ederek, ortak amac\u0131n etkili koordinasyonu g\u00fc\u00e7lendirmek, insani \u00e7al\u0131\u015fmalar\u0131 yerelle\u015ftirmek ve yerel kurulu\u015flar\u0131 desteklemek oldu\u011fununa dikkat \u00e7ekti. Ayr\u0131ca, Suriye i\u00e7inde ve d\u0131\u015f\u0131nda ya\u015fayan Suriyelilerin bilgi ve becerilerinin de\u011ferlendirilmesinin hayati \u00f6nem ta\u015f\u0131d\u0131\u011f\u0131n\u0131 vurgulad\u0131.<\/p>\n","protected":false},"excerpt":{"rendered":"<p>NEW YORK (SANA) \u2013 Birle\u015fmi\u015f Milletler Suriye \u00d6zel Temsilci Yard\u0131mc\u0131s\u0131 Najat Ro\u015fdi, yapt\u0131\u011f\u0131 a\u00e7\u0131klamada, BM\u2019nin ve uluslararas\u0131 toplumun Suriye halk\u0131 i\u00e7in daha iyi bir gelecek in\u015fa etme konusundaki kararl\u0131l\u0131\u011f\u0131n\u0131 yeniden vurgulayarak, Suriye i\u00e7inde daha \u015feffaf, etkili ve koordineli bir insani m\u00fcdahale i\u00e7in ortakl\u0131klar\u0131n ve ittifaklar\u0131n g\u00fc\u00e7lendirilmesinin \u00f6nemini kaydetti. Ro\u015fdi, \u201cX\u201d platformu \u00fczerinden yapt\u0131\u011f\u0131 payla\u015f\u0131mda, Katar\u2019\u0131n &hellip;<\/p>\n","protected":false},"author":39,"featured_media":324470,"comment_status":"closed","ping_status":"closed","sticky":false,"template":"","format":"standard","meta":{"footnotes":""},"categories":[458,589,459,17988],"tags":[],"class_list":["post-324469","post","type-post","status-publish","format-standard","has-post-thumbnail","","category-dunya1","category-haber-seridi","category-haberler-arap-uluslararasi-politika","category-son-haberler"],"_links":{"self":[{"href":"https:\/\/archive.sana.sy\/tr\/index.php?rest_route=\/wp\/v2\/posts\/324469","targetHints":{"allow":["GET"]}}],"collection":[{"href":"https:\/\/archive.sana.sy\/tr\/index.php?rest_route=\/wp\/v2\/posts"}],"about":[{"href":"https:\/\/archive.sana.sy\/tr\/index.php?rest_route=\/wp\/v2\/types\/post"}],"author":[{"embeddable":true,"href":"https:\/\/archive.sana.sy\/tr\/index.php?rest_route=\/wp\/v2\/users\/39"}],"replies":[{"embeddable":true,"href":"https:\/\/archive.sana.sy\/tr\/index.php?rest_route=%2Fwp%2Fv2%2Fcomments&post=324469"}],"version-history":[{"count":5,"href":"https:\/\/archive.sana.sy\/tr\/index.php?rest_route=\/wp\/v2\/posts\/324469\/revisions"}],"predecessor-version":[{"id":324477,"href":"https:\/\/archive.sana.sy\/tr\/index.php?rest_route=\/wp\/v2\/posts\/324469\/revisions\/324477"}],"wp:featuredmedia":[{"embeddable":true,"href":"https:\/\/archive.sana.sy\/tr\/index.php?rest_route=\/wp\/v2\/media\/324470"}],"wp:attachment":[{"href":"https:\/\/archive.sana.sy\/tr\/index.php?rest_route=%2Fwp%2Fv2%2Fmedia&parent=324469"}],"wp:term":[{"taxonomy":"category","embeddable":true,"href":"https:\/\/archive.sana.sy\/tr\/index.php?rest_route=%2Fwp%2Fv2%2Fcategories&post=324469"},{"taxonomy":"post_tag","embeddable":true,"href":"https:\/\/archive.sana.sy\/tr\/index.php?rest_route=%2Fwp%2Fv2%2Ftags&post=324469"}],"curies":[{"name":"wp","href":"https:\/\/api.w.org\/{rel}","templated":true}]}}