{"id":324472,"date":"2025-07-03T11:31:49","date_gmt":"2025-07-03T08:31:49","guid":{"rendered":"https:\/\/sana.sy\/tr\/?p=324472"},"modified":"2025-07-03T11:56:07","modified_gmt":"2025-07-03T08:56:07","slug":"jeffrey-trump-suriyeye-uygulanan-yaptirimlarin-kaldirilmasini-hizlandiriyor","status":"publish","type":"post","link":"https:\/\/archive.sana.sy\/tr\/?p=324472","title":{"rendered":"Jeffrey: Trump, Suriye\u2019ye Uygulanan Yapt\u0131r\u0131mlar\u0131n Kald\u0131r\u0131lmas\u0131n\u0131 H\u0131zland\u0131r\u0131yor"},"content":{"rendered":"<p style=\"text-align: justify;\"><strong><span style=\"color: #ff0000;\">NEW YORK (SANA) &#8211;<\/span><\/strong> ABD&#8217;nin eski Suriye Temsilcisi James Jeffrey, Trump y\u00f6netiminin Sezar Yasas\u0131&#8217;nda belirtilenler de dahil olmak \u00fczere Suriye&#8217;ye y\u00f6nelik ABD yapt\u0131r\u0131mlar\u0131n\u0131n kald\u0131r\u0131lmas\u0131 karar\u0131n\u0131 hayata ge\u00e7irmek i\u00e7in her t\u00fcrl\u00fc \u00e7abay\u0131 g\u00f6sterdi\u011fini vurgulayarak, s\u00f6z konusu yapt\u0131r\u0131mlar\u0131n bu a\u015famada art\u0131k y\u00fcr\u00fcrl\u00fckte olmad\u0131\u011f\u0131n\u0131 belirtti.<\/p>\n<p style=\"text-align: justify;\">\u201cEl Arabiya El Hadath\u201d kanal\u0131na verdi\u011fi r\u00f6portajda konu\u015fan Jeffrey, Suriye\u2019nin, ABD, T\u00fcrkiye, Arap \u00fclkeleri ve Birle\u015fmi\u015f Milletler\u2019i kapsayan geni\u015f \u00e7apl\u0131 uluslararas\u0131 destekten faydaland\u0131\u011f\u0131n\u0131 ve bunun Suriye\u2019yi birle\u015fik, istikrarl\u0131 ve m\u00fcreffeh bir devlet olma yolunda iyi bir konuma getirdi\u011fini vurgulad\u0131.<\/p>\n<p style=\"text-align: justify;\">Jeffrey, Ba\u015fkan Trump\u2019\u0131n, Suriye\u2019yi desteklemeyi ve bu \u00fclkenin ba\u015far\u0131l\u0131 olmas\u0131n\u0131, b\u00f6lgenin g\u00fcvenli\u011fi ve istikrar\u0131 a\u00e7\u0131s\u0131ndan temel bir unsur ve \u0130ran\u2019\u0131n b\u00f6lgedeki n\u00fcfuzunu azaltmak i\u00e7in bir f\u0131rsat olarak g\u00f6rd\u00fc\u011f\u00fcn\u00fc a\u00e7\u0131klad\u0131.<\/p>\n<p style=\"text-align: justify;\">Suriye halk\u0131n\u0131n son y\u0131llarda b\u00fcy\u00fck ac\u0131lar ya\u015fad\u0131\u011f\u0131n\u0131 dile getiren Jeffrey, Amerikan y\u00f6netiminin yapt\u0131r\u0131mlar\u0131 kademeli olarak kald\u0131rmak i\u00e7in \u00e7al\u0131\u015ft\u0131\u011f\u0131n\u0131 belirtti. Ayr\u0131ca, \u015fu anda bu yapt\u0131r\u0131mlar\u0131n yeniden uygulanmas\u0131na y\u00f6nelik herhangi bir niyetin bulunmad\u0131\u011f\u0131n\u0131 ve Cumhurba\u015fkan\u0131 Ahmed El \u015eara\u2019in ulusal dosyalarla, mevcut zorluklara ra\u011fmen, son derece yap\u0131c\u0131 bir \u015fekilde ilgilendi\u011fini g\u00f6rmekten memnuniyet duydu\u011funu ifade etti.<\/p>\n","protected":false},"excerpt":{"rendered":"<p>NEW YORK (SANA) &#8211; ABD&#8217;nin eski Suriye Temsilcisi James Jeffrey, Trump y\u00f6netiminin Sezar Yasas\u0131&#8217;nda belirtilenler de dahil olmak \u00fczere Suriye&#8217;ye y\u00f6nelik ABD yapt\u0131r\u0131mlar\u0131n\u0131n kald\u0131r\u0131lmas\u0131 karar\u0131n\u0131 hayata ge\u00e7irmek i\u00e7in her t\u00fcrl\u00fc \u00e7abay\u0131 g\u00f6sterdi\u011fini vurgulayarak, s\u00f6z konusu yapt\u0131r\u0131mlar\u0131n bu a\u015famada art\u0131k y\u00fcr\u00fcrl\u00fckte olmad\u0131\u011f\u0131n\u0131 belirtti. \u201cEl Arabiya El Hadath\u201d kanal\u0131na verdi\u011fi r\u00f6portajda konu\u015fan Jeffrey, Suriye\u2019nin, ABD, T\u00fcrkiye, Arap &hellip;<\/p>\n","protected":false},"author":39,"featured_media":324473,"comment_status":"closed","ping_status":"closed","sticky":false,"template":"","format":"standard","meta":{"footnotes":""},"categories":[458,589,459,17988],"tags":[],"class_list":["post-324472","post","type-post","status-publish","format-standard","has-post-thumbnail","","category-dunya1","category-haber-seridi","category-haberler-arap-uluslararasi-politika","category-son-haberler"],"_links":{"self":[{"href":"https:\/\/archive.sana.sy\/tr\/index.php?rest_route=\/wp\/v2\/posts\/324472","targetHints":{"allow":["GET"]}}],"collection":[{"href":"https:\/\/archive.sana.sy\/tr\/index.php?rest_route=\/wp\/v2\/posts"}],"about":[{"href":"https:\/\/archive.sana.sy\/tr\/index.php?rest_route=\/wp\/v2\/types\/post"}],"author":[{"embeddable":true,"href":"https:\/\/archive.sana.sy\/tr\/index.php?rest_route=\/wp\/v2\/users\/39"}],"replies":[{"embeddable":true,"href":"https:\/\/archive.sana.sy\/tr\/index.php?rest_route=%2Fwp%2Fv2%2Fcomments&post=324472"}],"version-history":[{"count":1,"href":"https:\/\/archive.sana.sy\/tr\/index.php?rest_route=\/wp\/v2\/posts\/324472\/revisions"}],"predecessor-version":[{"id":324478,"href":"https:\/\/archive.sana.sy\/tr\/index.php?rest_route=\/wp\/v2\/posts\/324472\/revisions\/324478"}],"wp:featuredmedia":[{"embeddable":true,"href":"https:\/\/archive.sana.sy\/tr\/index.php?rest_route=\/wp\/v2\/media\/324473"}],"wp:attachment":[{"href":"https:\/\/archive.sana.sy\/tr\/index.php?rest_route=%2Fwp%2Fv2%2Fmedia&parent=324472"}],"wp:term":[{"taxonomy":"category","embeddable":true,"href":"https:\/\/archive.sana.sy\/tr\/index.php?rest_route=%2Fwp%2Fv2%2Fcategories&post=324472"},{"taxonomy":"post_tag","embeddable":true,"href":"https:\/\/archive.sana.sy\/tr\/index.php?rest_route=%2Fwp%2Fv2%2Ftags&post=324472"}],"curies":[{"name":"wp","href":"https:\/\/api.w.org\/{rel}","templated":true}]}}