{"id":324479,"date":"2025-07-03T11:35:57","date_gmt":"2025-07-03T08:35:57","guid":{"rendered":"https:\/\/sana.sy\/tr\/?p=324479"},"modified":"2025-07-03T11:54:49","modified_gmt":"2025-07-03T08:54:49","slug":"almanya-ukraynadan-suriyeye-gida-girisimine-3-milyon-euro-ek-destek-sagladi","status":"publish","type":"post","link":"https:\/\/archive.sana.sy\/tr\/?p=324479","title":{"rendered":"Almanya, Ukrayna\u2019dan Suriye\u2019ye G\u0131da Giri\u015fimi\u2019ne 3 Milyon Euro Ek Destek Sa\u011flad\u0131"},"content":{"rendered":"<p style=\"text-align: justify;\"><span style=\"color: #ff0000;\"><strong>BERL\u0130N (SANA) &#8211; <\/strong><\/span>Almanya D\u0131\u015fi\u015fleri Bakanl\u0131\u011f\u0131, Ukrayna ve D\u00fcnya G\u0131da Program\u0131 ile ortak insani \u00e7abalar\u0131n bir par\u00e7as\u0131 olarak Suriye i\u00e7indeki ihtiya\u00e7 sahiplerine tah\u0131l da\u011f\u0131tmay\u0131 ama\u00e7layan Ukrayna-Suriye G\u0131da Giri\u015fimi&#8217;ne 3 milyon avro ek mali destek sa\u011flayaca\u011f\u0131n\u0131 duyurdu.<\/p>\n<p style=\"text-align: justify;\">Bakanl\u0131\u011f\u0131n medya merkezi, X platformunda yapt\u0131\u011f\u0131 payla\u015f\u0131mda, s\u00f6z konusu deste\u011fin bir yandan Ukrayna ekonomisinin g\u00fc\u00e7lenmesine katk\u0131 sa\u011flarken, di\u011fer yandan krizlerden etkilenen Suriyelilere hayati \u00f6nem ta\u015f\u0131yan g\u0131da yard\u0131m\u0131 sa\u011flad\u0131\u011f\u0131n\u0131 belirterek, D\u00fcnya G\u0131da Program\u0131&#8217;n\u0131n bu giri\u015fimin hayata ge\u00e7irilmesindeki rol\u00fcn\u00fc \u00f6vd\u00fc.<\/p>\n","protected":false},"excerpt":{"rendered":"<p>BERL\u0130N (SANA) &#8211; Almanya D\u0131\u015fi\u015fleri Bakanl\u0131\u011f\u0131, Ukrayna ve D\u00fcnya G\u0131da Program\u0131 ile ortak insani \u00e7abalar\u0131n bir par\u00e7as\u0131 olarak Suriye i\u00e7indeki ihtiya\u00e7 sahiplerine tah\u0131l da\u011f\u0131tmay\u0131 ama\u00e7layan Ukrayna-Suriye G\u0131da Giri\u015fimi&#8217;ne 3 milyon avro ek mali destek sa\u011flayaca\u011f\u0131n\u0131 duyurdu. Bakanl\u0131\u011f\u0131n medya merkezi, X platformunda yapt\u0131\u011f\u0131 payla\u015f\u0131mda, s\u00f6z konusu deste\u011fin bir yandan Ukrayna ekonomisinin g\u00fc\u00e7lenmesine katk\u0131 sa\u011flarken, di\u011fer yandan &hellip;<\/p>\n","protected":false},"author":39,"featured_media":324480,"comment_status":"closed","ping_status":"closed","sticky":false,"template":"","format":"standard","meta":{"footnotes":""},"categories":[458,589,459,17988],"tags":[],"class_list":["post-324479","post","type-post","status-publish","format-standard","has-post-thumbnail","","category-dunya1","category-haber-seridi","category-haberler-arap-uluslararasi-politika","category-son-haberler"],"_links":{"self":[{"href":"https:\/\/archive.sana.sy\/tr\/index.php?rest_route=\/wp\/v2\/posts\/324479","targetHints":{"allow":["GET"]}}],"collection":[{"href":"https:\/\/archive.sana.sy\/tr\/index.php?rest_route=\/wp\/v2\/posts"}],"about":[{"href":"https:\/\/archive.sana.sy\/tr\/index.php?rest_route=\/wp\/v2\/types\/post"}],"author":[{"embeddable":true,"href":"https:\/\/archive.sana.sy\/tr\/index.php?rest_route=\/wp\/v2\/users\/39"}],"replies":[{"embeddable":true,"href":"https:\/\/archive.sana.sy\/tr\/index.php?rest_route=%2Fwp%2Fv2%2Fcomments&post=324479"}],"version-history":[{"count":1,"href":"https:\/\/archive.sana.sy\/tr\/index.php?rest_route=\/wp\/v2\/posts\/324479\/revisions"}],"predecessor-version":[{"id":324481,"href":"https:\/\/archive.sana.sy\/tr\/index.php?rest_route=\/wp\/v2\/posts\/324479\/revisions\/324481"}],"wp:featuredmedia":[{"embeddable":true,"href":"https:\/\/archive.sana.sy\/tr\/index.php?rest_route=\/wp\/v2\/media\/324480"}],"wp:attachment":[{"href":"https:\/\/archive.sana.sy\/tr\/index.php?rest_route=%2Fwp%2Fv2%2Fmedia&parent=324479"}],"wp:term":[{"taxonomy":"category","embeddable":true,"href":"https:\/\/archive.sana.sy\/tr\/index.php?rest_route=%2Fwp%2Fv2%2Fcategories&post=324479"},{"taxonomy":"post_tag","embeddable":true,"href":"https:\/\/archive.sana.sy\/tr\/index.php?rest_route=%2Fwp%2Fv2%2Ftags&post=324479"}],"curies":[{"name":"wp","href":"https:\/\/api.w.org\/{rel}","templated":true}]}}