{"id":324482,"date":"2025-07-03T10:26:13","date_gmt":"2025-07-03T07:26:13","guid":{"rendered":"https:\/\/sana.sy\/tr\/?p=324482"},"modified":"2025-07-03T11:00:10","modified_gmt":"2025-07-03T08:00:10","slug":"birlesik-krallik-suriyede-adalet-ve-hukukun-ustunlugunu-destekleme-taahhudunu-yineledi","status":"publish","type":"post","link":"https:\/\/archive.sana.sy\/tr\/?p=324482","title":{"rendered":"Birle\u015fik Krall\u0131k, Suriye&#8217;de Adalet ve Hukukun \u00dcst\u00fcnl\u00fc\u011f\u00fcn\u00fc Destekleme Taahh\u00fcd\u00fcn\u00fc Yineledi"},"content":{"rendered":"<p><span style=\"color: #ff0000;\"><strong>LONDRA (SANA) \u2013<\/strong><\/span> Birle\u015fik Krall\u0131k, Suriye\u2019de istikrar\u0131 ve kurumsal reformlar\u0131 destekleme y\u00f6n\u00fcndeki devam eden \u00e7abalar\u0131n\u0131n bir par\u00e7as\u0131 olarak, \u00fclkede adaleti destekleme ve hukukun \u00fcst\u00fcnl\u00fc\u011f\u00fcn\u00fc g\u00fc\u00e7lendirme konusundaki sars\u0131lmaz kararl\u0131l\u0131\u011f\u0131n\u0131 yeniden vurgulad\u0131.<\/p>\n<p>Birle\u015fik Krall\u0131k D\u0131\u015fi\u015fleri, Milletler Toplulu\u011fu ve Kalk\u0131nma Bakanl\u0131\u011f\u0131, \u201cX\u201d platformunda yay\u0131mlanan resmi bir payla\u015f\u0131mda, Birle\u015fik Krall\u0131k\u2019\u0131n Suriye \u00d6zel Temsilcisi Anna Snow\u2019un \u015eam\u2019da Suriye Adalet Bakan\u0131 Mazhar El Veys ile bir araya geldi\u011fini, g\u00f6r\u00fc\u015fmede, adalet sisteminin reforme edilmesi ve t\u00fcm Suriyelilerin yarar\u0131na olacak adalet mekanizmalar\u0131n\u0131n geli\u015ftirilmesi konular\u0131 ele al\u0131nd\u0131\u011f\u0131n\u0131 duyurdu.<\/p>\n<p>Bakanl\u0131k, \u201cBirle\u015fik Krall\u0131k, Suriye\u2019de adaletin ve hukukun \u00fcst\u00fcnl\u00fc\u011f\u00fcn\u00fcn desteklenmesine olan ba\u011fl\u0131l\u0131\u011f\u0131n\u0131 s\u00fcrd\u00fcrmeye devam edecektir. \u00c7\u00fcnk\u00fc adaletin, kal\u0131c\u0131 bar\u0131\u015f\u0131n ve kapsay\u0131c\u0131 kalk\u0131nman\u0131n temel ta\u015f\u0131 oldu\u011funa inanmaktad\u0131r\u201d a\u00e7\u0131klamas\u0131nda bulundu.<\/p>\n","protected":false},"excerpt":{"rendered":"<p>LONDRA (SANA) \u2013 Birle\u015fik Krall\u0131k, Suriye\u2019de istikrar\u0131 ve kurumsal reformlar\u0131 destekleme y\u00f6n\u00fcndeki devam eden \u00e7abalar\u0131n\u0131n bir par\u00e7as\u0131 olarak, \u00fclkede adaleti destekleme ve hukukun \u00fcst\u00fcnl\u00fc\u011f\u00fcn\u00fc g\u00fc\u00e7lendirme konusundaki sars\u0131lmaz kararl\u0131l\u0131\u011f\u0131n\u0131 yeniden vurgulad\u0131. Birle\u015fik Krall\u0131k D\u0131\u015fi\u015fleri, Milletler Toplulu\u011fu ve Kalk\u0131nma Bakanl\u0131\u011f\u0131, \u201cX\u201d platformunda yay\u0131mlanan resmi bir payla\u015f\u0131mda, Birle\u015fik Krall\u0131k\u2019\u0131n Suriye \u00d6zel Temsilcisi Anna Snow\u2019un \u015eam\u2019da Suriye Adalet Bakan\u0131 &hellip;<\/p>\n","protected":false},"author":39,"featured_media":324483,"comment_status":"closed","ping_status":"closed","sticky":false,"template":"","format":"standard","meta":{"footnotes":""},"categories":[458,589,459,17988],"tags":[],"class_list":["post-324482","post","type-post","status-publish","format-standard","has-post-thumbnail","","category-dunya1","category-haber-seridi","category-haberler-arap-uluslararasi-politika","category-son-haberler"],"_links":{"self":[{"href":"https:\/\/archive.sana.sy\/tr\/index.php?rest_route=\/wp\/v2\/posts\/324482","targetHints":{"allow":["GET"]}}],"collection":[{"href":"https:\/\/archive.sana.sy\/tr\/index.php?rest_route=\/wp\/v2\/posts"}],"about":[{"href":"https:\/\/archive.sana.sy\/tr\/index.php?rest_route=\/wp\/v2\/types\/post"}],"author":[{"embeddable":true,"href":"https:\/\/archive.sana.sy\/tr\/index.php?rest_route=\/wp\/v2\/users\/39"}],"replies":[{"embeddable":true,"href":"https:\/\/archive.sana.sy\/tr\/index.php?rest_route=%2Fwp%2Fv2%2Fcomments&post=324482"}],"version-history":[{"count":4,"href":"https:\/\/archive.sana.sy\/tr\/index.php?rest_route=\/wp\/v2\/posts\/324482\/revisions"}],"predecessor-version":[{"id":324500,"href":"https:\/\/archive.sana.sy\/tr\/index.php?rest_route=\/wp\/v2\/posts\/324482\/revisions\/324500"}],"wp:featuredmedia":[{"embeddable":true,"href":"https:\/\/archive.sana.sy\/tr\/index.php?rest_route=\/wp\/v2\/media\/324483"}],"wp:attachment":[{"href":"https:\/\/archive.sana.sy\/tr\/index.php?rest_route=%2Fwp%2Fv2%2Fmedia&parent=324482"}],"wp:term":[{"taxonomy":"category","embeddable":true,"href":"https:\/\/archive.sana.sy\/tr\/index.php?rest_route=%2Fwp%2Fv2%2Fcategories&post=324482"},{"taxonomy":"post_tag","embeddable":true,"href":"https:\/\/archive.sana.sy\/tr\/index.php?rest_route=%2Fwp%2Fv2%2Ftags&post=324482"}],"curies":[{"name":"wp","href":"https:\/\/api.w.org\/{rel}","templated":true}]}}