{"id":324492,"date":"2025-07-03T10:55:00","date_gmt":"2025-07-03T07:55:00","guid":{"rendered":"https:\/\/sana.sy\/tr\/?p=324492"},"modified":"2025-07-03T11:09:15","modified_gmt":"2025-07-03T08:09:15","slug":"suudi-arabistan-ve-abd-disisleri-bakanlari-telefonda-ortadogu-konularini-gorustu","status":"publish","type":"post","link":"https:\/\/archive.sana.sy\/tr\/?p=324492","title":{"rendered":"Suudi Arabistan ve ABD D\u0131\u015fi\u015fleri Bakanlar\u0131 Ortado\u011fu\u2019daki Geli\u015fmeleri Telefonda De\u011ferlendirdi"},"content":{"rendered":"<p>VA\u015eINGTON \u2013 SANA \u2013 ABD D\u0131\u015fi\u015fleri Bakan\u0131 Marco Rubio, Suudi Arabistan D\u0131\u015fi\u015fleri Bakan\u0131 Prens Faysal bin Ferhan El Suud ile yapt\u0131\u011f\u0131 telefon g\u00f6r\u00fc\u015fmesinde Suriye, Gazze ve di\u011fer b\u00f6lgesel geli\u015fmeleri ele ald\u0131.<\/p>\n<p>ABD D\u0131\u015fi\u015fleri Bakanl\u0131\u011f\u0131 S\u00f6zc\u00fcs\u00fc Tammy Bruce\u2019un bakanl\u0131\u011f\u0131n resmi internet sitesinde yay\u0131mlanan a\u00e7\u0131klamas\u0131na g\u00f6re, iki bakan, \u0130ran, Suriye, Gazze ve Sudan ba\u015fta olmak \u00fczere bir\u00e7ok b\u00f6lgesel mesele hakk\u0131nda g\u00f6r\u00fc\u015f al\u0131\u015fveri\u015finde bulundu.<\/p>\n","protected":false},"excerpt":{"rendered":"<p>VA\u015eINGTON \u2013 SANA \u2013 ABD D\u0131\u015fi\u015fleri Bakan\u0131 Marco Rubio, Suudi Arabistan D\u0131\u015fi\u015fleri Bakan\u0131 Prens Faysal bin Ferhan El Suud ile yapt\u0131\u011f\u0131 telefon g\u00f6r\u00fc\u015fmesinde Suriye, Gazze ve di\u011fer b\u00f6lgesel geli\u015fmeleri ele ald\u0131. ABD D\u0131\u015fi\u015fleri Bakanl\u0131\u011f\u0131 S\u00f6zc\u00fcs\u00fc Tammy Bruce\u2019un bakanl\u0131\u011f\u0131n resmi internet sitesinde yay\u0131mlanan a\u00e7\u0131klamas\u0131na g\u00f6re, iki bakan, \u0130ran, Suriye, Gazze ve Sudan ba\u015fta olmak \u00fczere bir\u00e7ok &hellip;<\/p>\n","protected":false},"author":39,"featured_media":324493,"comment_status":"closed","ping_status":"closed","sticky":false,"template":"","format":"standard","meta":{"footnotes":""},"categories":[458,589,459,17988],"tags":[],"class_list":["post-324492","post","type-post","status-publish","format-standard","has-post-thumbnail","","category-dunya1","category-haber-seridi","category-haberler-arap-uluslararasi-politika","category-son-haberler"],"_links":{"self":[{"href":"https:\/\/archive.sana.sy\/tr\/index.php?rest_route=\/wp\/v2\/posts\/324492","targetHints":{"allow":["GET"]}}],"collection":[{"href":"https:\/\/archive.sana.sy\/tr\/index.php?rest_route=\/wp\/v2\/posts"}],"about":[{"href":"https:\/\/archive.sana.sy\/tr\/index.php?rest_route=\/wp\/v2\/types\/post"}],"author":[{"embeddable":true,"href":"https:\/\/archive.sana.sy\/tr\/index.php?rest_route=\/wp\/v2\/users\/39"}],"replies":[{"embeddable":true,"href":"https:\/\/archive.sana.sy\/tr\/index.php?rest_route=%2Fwp%2Fv2%2Fcomments&post=324492"}],"version-history":[{"count":5,"href":"https:\/\/archive.sana.sy\/tr\/index.php?rest_route=\/wp\/v2\/posts\/324492\/revisions"}],"predecessor-version":[{"id":324501,"href":"https:\/\/archive.sana.sy\/tr\/index.php?rest_route=\/wp\/v2\/posts\/324492\/revisions\/324501"}],"wp:featuredmedia":[{"embeddable":true,"href":"https:\/\/archive.sana.sy\/tr\/index.php?rest_route=\/wp\/v2\/media\/324493"}],"wp:attachment":[{"href":"https:\/\/archive.sana.sy\/tr\/index.php?rest_route=%2Fwp%2Fv2%2Fmedia&parent=324492"}],"wp:term":[{"taxonomy":"category","embeddable":true,"href":"https:\/\/archive.sana.sy\/tr\/index.php?rest_route=%2Fwp%2Fv2%2Fcategories&post=324492"},{"taxonomy":"post_tag","embeddable":true,"href":"https:\/\/archive.sana.sy\/tr\/index.php?rest_route=%2Fwp%2Fv2%2Ftags&post=324492"}],"curies":[{"name":"wp","href":"https:\/\/api.w.org\/{rel}","templated":true}]}}