{"id":324505,"date":"2025-07-03T12:25:17","date_gmt":"2025-07-03T09:25:17","guid":{"rendered":"https:\/\/sana.sy\/tr\/?p=324505"},"modified":"2025-07-03T13:04:53","modified_gmt":"2025-07-03T10:04:53","slug":"enformasyon-bakanligi-samdan-monte-carlo-radyo-yayinciligi-baslatmak-icin-gorusmeler","status":"publish","type":"post","link":"https:\/\/archive.sana.sy\/tr\/?p=324505","title":{"rendered":"Enformasyon Bakanl\u0131\u011f\u0131: \u015eam&#8217;dan &#8220;Monte Carlo&#8221; Radyo Yay\u0131nc\u0131l\u0131\u011f\u0131 Ba\u015flatmak \u0130\u00e7in G\u00f6r\u00fc\u015fmeler"},"content":{"rendered":"<p style=\"text-align: justify;\"><span style=\"color: #ff0000;\"><strong>\u015eAM (SANA) &#8211;<\/strong><\/span> Suriye Enformasyon Bakan\u0131 Dr. Hamza El Mustafa, Fransa&#8217;n\u0131n \u015eam Maslahatg\u00fczar\u0131 Jean-Baptiste Favre ile Radyo Monte Carlo International&#8217;\u0131n yay\u0131nlar\u0131n\u0131n ba\u015fkent \u015eam&#8217;dan ba\u015flat\u0131lmas\u0131 olas\u0131l\u0131\u011f\u0131n\u0131 g\u00f6r\u00fc\u015ft\u00fc.<\/p>\n<p style=\"text-align: justify;\">G\u00f6r\u00fc\u015fmede taraflar, Suriye medya sekt\u00f6r\u00fcn\u00fcn geli\u015ftirilmesinde Frans\u0131z uzmanl\u0131\u011f\u0131ndan yararlan\u0131lmas\u0131 ve medya i\u015fbirli\u011finin art\u0131r\u0131lmas\u0131 imkanlar\u0131 ele al\u0131nd\u0131.<\/p>\n<p style=\"text-align: justify;\">Dr. El Mustafa, iki \u00fclke aras\u0131ndaki tarihi ve k\u00fclt\u00fcrel ili\u015fkileri ve medya platformlar\u0131 arac\u0131l\u0131\u011f\u0131yla medeni diyalo\u011fun ilerletilmesindeki rol\u00fcn\u00fc \u00f6verek, ba\u015far\u0131l\u0131 uluslararas\u0131 deneyimlere a\u00e7\u0131k olman\u0131n \u00f6nemini vurgulad\u0131.<\/p>\n<div id='gallery-1' class='gallery galleryid-324505 gallery-columns-2 gallery-size-full'><figure class='gallery-item'>\n\t\t\t<div class='gallery-icon landscape'>\n\t\t\t\t<a href='https:\/\/archive.sana.sy\/tr\/wp-content\/uploads\/2025\/07\/111111111.jpg'><img loading=\"lazy\" decoding=\"async\" width=\"1052\" height=\"686\" src=\"https:\/\/archive.sana.sy\/tr\/wp-content\/uploads\/2025\/07\/111111111.jpg\" class=\"attachment-full size-full\" alt=\"\" srcset=\"https:\/\/archive.sana.sy\/tr\/wp-content\/uploads\/2025\/07\/111111111.jpg 1052w, https:\/\/archive.sana.sy\/tr\/wp-content\/uploads\/2025\/07\/111111111-300x196.jpg 300w, https:\/\/archive.sana.sy\/tr\/wp-content\/uploads\/2025\/07\/111111111-1024x668.jpg 1024w, https:\/\/archive.sana.sy\/tr\/wp-content\/uploads\/2025\/07\/111111111-768x501.jpg 768w\" sizes=\"auto, (max-width: 1052px) 100vw, 1052px\" \/><\/a>\n\t\t\t<\/div><\/figure><figure class='gallery-item'>\n\t\t\t<div class='gallery-icon landscape'>\n\t\t\t\t<a href='https:\/\/archive.sana.sy\/tr\/wp-content\/uploads\/2025\/07\/222222222.jpg'><img loading=\"lazy\" decoding=\"async\" width=\"1048\" height=\"698\" src=\"https:\/\/archive.sana.sy\/tr\/wp-content\/uploads\/2025\/07\/222222222.jpg\" class=\"attachment-full size-full\" alt=\"\" srcset=\"https:\/\/archive.sana.sy\/tr\/wp-content\/uploads\/2025\/07\/222222222.jpg 1048w, https:\/\/archive.sana.sy\/tr\/wp-content\/uploads\/2025\/07\/222222222-300x200.jpg 300w, https:\/\/archive.sana.sy\/tr\/wp-content\/uploads\/2025\/07\/222222222-1024x682.jpg 1024w, https:\/\/archive.sana.sy\/tr\/wp-content\/uploads\/2025\/07\/222222222-768x512.jpg 768w, https:\/\/archive.sana.sy\/tr\/wp-content\/uploads\/2025\/07\/222222222-310x205.jpg 310w\" sizes=\"auto, (max-width: 1048px) 100vw, 1048px\" \/><\/a>\n\t\t\t<\/div><\/figure>\n\t\t<\/div>\n\n","protected":false},"excerpt":{"rendered":"<p>\u015eAM (SANA) &#8211; Suriye Enformasyon Bakan\u0131 Dr. Hamza El Mustafa, Fransa&#8217;n\u0131n \u015eam Maslahatg\u00fczar\u0131 Jean-Baptiste Favre ile Radyo Monte Carlo International&#8217;\u0131n yay\u0131nlar\u0131n\u0131n ba\u015fkent \u015eam&#8217;dan ba\u015flat\u0131lmas\u0131 olas\u0131l\u0131\u011f\u0131n\u0131 g\u00f6r\u00fc\u015ft\u00fc. G\u00f6r\u00fc\u015fmede taraflar, Suriye medya sekt\u00f6r\u00fcn\u00fcn geli\u015ftirilmesinde Frans\u0131z uzmanl\u0131\u011f\u0131ndan yararlan\u0131lmas\u0131 ve medya i\u015fbirli\u011finin art\u0131r\u0131lmas\u0131 imkanlar\u0131 ele al\u0131nd\u0131. Dr. El Mustafa, iki \u00fclke aras\u0131ndaki tarihi ve k\u00fclt\u00fcrel ili\u015fkileri ve medya platformlar\u0131 &hellip;<\/p>\n","protected":false},"author":39,"featured_media":324506,"comment_status":"closed","ping_status":"closed","sticky":false,"template":"","format":"standard","meta":{"footnotes":""},"categories":[589,479,17988,478],"tags":[],"class_list":["post-324505","post","type-post","status-publish","format-standard","has-post-thumbnail","","category-haber-seridi","category-haberler-yerel","category-son-haberler","category-yerel"],"_links":{"self":[{"href":"https:\/\/archive.sana.sy\/tr\/index.php?rest_route=\/wp\/v2\/posts\/324505","targetHints":{"allow":["GET"]}}],"collection":[{"href":"https:\/\/archive.sana.sy\/tr\/index.php?rest_route=\/wp\/v2\/posts"}],"about":[{"href":"https:\/\/archive.sana.sy\/tr\/index.php?rest_route=\/wp\/v2\/types\/post"}],"author":[{"embeddable":true,"href":"https:\/\/archive.sana.sy\/tr\/index.php?rest_route=\/wp\/v2\/users\/39"}],"replies":[{"embeddable":true,"href":"https:\/\/archive.sana.sy\/tr\/index.php?rest_route=%2Fwp%2Fv2%2Fcomments&post=324505"}],"version-history":[{"count":1,"href":"https:\/\/archive.sana.sy\/tr\/index.php?rest_route=\/wp\/v2\/posts\/324505\/revisions"}],"predecessor-version":[{"id":324509,"href":"https:\/\/archive.sana.sy\/tr\/index.php?rest_route=\/wp\/v2\/posts\/324505\/revisions\/324509"}],"wp:featuredmedia":[{"embeddable":true,"href":"https:\/\/archive.sana.sy\/tr\/index.php?rest_route=\/wp\/v2\/media\/324506"}],"wp:attachment":[{"href":"https:\/\/archive.sana.sy\/tr\/index.php?rest_route=%2Fwp%2Fv2%2Fmedia&parent=324505"}],"wp:term":[{"taxonomy":"category","embeddable":true,"href":"https:\/\/archive.sana.sy\/tr\/index.php?rest_route=%2Fwp%2Fv2%2Fcategories&post=324505"},{"taxonomy":"post_tag","embeddable":true,"href":"https:\/\/archive.sana.sy\/tr\/index.php?rest_route=%2Fwp%2Fv2%2Ftags&post=324505"}],"curies":[{"name":"wp","href":"https:\/\/api.w.org\/{rel}","templated":true}]}}