{"id":324510,"date":"2025-07-03T12:46:06","date_gmt":"2025-07-03T09:46:06","guid":{"rendered":"https:\/\/sana.sy\/tr\/?p=324510"},"modified":"2025-07-03T12:59:47","modified_gmt":"2025-07-03T09:59:47","slug":"halep-valiliginin-ic-guvenlik-komutanligi-suriye-halkina-karsi-ihlallerde-bulunan-sozde-ulusal-savunma-milisleri-uyesi-suclu-abdulrahman-dahrucu-tutukladi","status":"publish","type":"post","link":"https:\/\/archive.sana.sy\/tr\/?p=324510","title":{"rendered":"Halep Valili\u011fi&#8217;nin \u0130\u00e7 G\u00fcvenlik Komutanl\u0131\u011f\u0131, Suriye halk\u0131na kar\u015f\u0131 ihlallerde bulunan s\u00f6zde Ulusal Savunma Milisleri \u00fcyesi su\u00e7lu Abdulrahman Dahruc&#8217;u tutuklad\u0131."},"content":{"rendered":"","protected":false},"excerpt":{"rendered":"","protected":false},"author":39,"featured_media":0,"comment_status":"closed","ping_status":"closed","sticky":false,"template":"","format":"standard","meta":{"footnotes":""},"categories":[1],"tags":[],"class_list":["post-324510","post","type-post","status-publish","format-standard","","category-news-not-sorted"],"_links":{"self":[{"href":"https:\/\/archive.sana.sy\/tr\/index.php?rest_route=\/wp\/v2\/posts\/324510","targetHints":{"allow":["GET"]}}],"collection":[{"href":"https:\/\/archive.sana.sy\/tr\/index.php?rest_route=\/wp\/v2\/posts"}],"about":[{"href":"https:\/\/archive.sana.sy\/tr\/index.php?rest_route=\/wp\/v2\/types\/post"}],"author":[{"embeddable":true,"href":"https:\/\/archive.sana.sy\/tr\/index.php?rest_route=\/wp\/v2\/users\/39"}],"replies":[{"embeddable":true,"href":"https:\/\/archive.sana.sy\/tr\/index.php?rest_route=%2Fwp%2Fv2%2Fcomments&post=324510"}],"version-history":[{"count":1,"href":"https:\/\/archive.sana.sy\/tr\/index.php?rest_route=\/wp\/v2\/posts\/324510\/revisions"}],"predecessor-version":[{"id":324511,"href":"https:\/\/archive.sana.sy\/tr\/index.php?rest_route=\/wp\/v2\/posts\/324510\/revisions\/324511"}],"wp:attachment":[{"href":"https:\/\/archive.sana.sy\/tr\/index.php?rest_route=%2Fwp%2Fv2%2Fmedia&parent=324510"}],"wp:term":[{"taxonomy":"category","embeddable":true,"href":"https:\/\/archive.sana.sy\/tr\/index.php?rest_route=%2Fwp%2Fv2%2Fcategories&post=324510"},{"taxonomy":"post_tag","embeddable":true,"href":"https:\/\/archive.sana.sy\/tr\/index.php?rest_route=%2Fwp%2Fv2%2Ftags&post=324510"}],"curies":[{"name":"wp","href":"https:\/\/api.w.org\/{rel}","templated":true}]}}