{"id":324512,"date":"2025-07-03T12:00:35","date_gmt":"2025-07-03T09:00:35","guid":{"rendered":"https:\/\/sana.sy\/tr\/?p=324512"},"modified":"2025-07-03T13:05:35","modified_gmt":"2025-07-03T10:05:35","slug":"medyayi-gelistirmek-ve-kapasite-olusturmak-icin-suriye-bm-gorusmeleri-gerceklesti","status":"publish","type":"post","link":"https:\/\/archive.sana.sy\/tr\/?p=324512","title":{"rendered":"Medyay\u0131 Geli\u015ftirmek Ve Kapasite Olu\u015fturmak \u0130\u00e7in Suriye-BM G\u00f6r\u00fc\u015fmeleri Ger\u00e7ekle\u015fti"},"content":{"rendered":"<p style=\"text-align: justify;\"><strong>\u015eAM (SANA) &#8211;<\/strong> Suriye Enformasyon Bakan\u0131 Dr. Hamza El Mustafa, Birle\u015fmi\u015f Milletler Kalk\u0131nma Program\u0131 (UNDP) Suriye Mukim Temsilci Yard\u0131mc\u0131s\u0131 Dr. Muhammed Seddik Mudavi ile bakanl\u0131k ile program aras\u0131ndaki i\u015f birli\u011finin art\u0131r\u0131lmas\u0131 yollar\u0131n\u0131 g\u00f6r\u00fc\u015ft\u00fc.<\/p>\n<p style=\"text-align: justify;\"><img loading=\"lazy\" decoding=\"async\" class=\"size-full wp-image-324514 alignright\" src=\"http:\/\/sana.sy\/tr\/wp-content\/uploads\/2025\/07\/111111111111111111111111111111.jpg\" alt=\"\" width=\"300\" height=\"200\" \/>Enformasyon Bakanl\u0131\u011f\u0131, Telegram kanal\u0131ndan yapt\u0131\u011f\u0131 a\u00e7\u0131klamada, g\u00f6r\u00fc\u015fmelerde krizlere y\u00f6nelik medya kapasitesinin olu\u015fturulmas\u0131, toplumsal fark\u0131ndal\u0131k projelerinin desteklenmesi ve s\u00fcrd\u00fcr\u00fclebilir kalk\u0131nma \u00f6ncelikleri ile devletin medya sekt\u00f6r\u00fcn\u00fc ilerletme plan\u0131 do\u011frultusunda ama\u00e7l\u0131 medya i\u00e7eriklerinin geli\u015ftirilmesi konular\u0131nda i\u015f birli\u011fi yap\u0131lmas\u0131n\u0131n ele al\u0131nd\u0131\u011f\u0131n\u0131 bildirdi.<\/p>\n<p style=\"text-align: justify;\">G\u00f6r\u00fc\u015fmede, Dr. El Mustafa, Suriye ger\u00e7ekli\u011fini yans\u0131tmak ve vatanda\u015f\u0131n sesini objektif ve profesyonel bir \u015fekilde iletmek i\u00e7in ulusal medyan\u0131n desteklenmesi ve ara\u00e7lar\u0131n\u0131n geli\u015ftirilmesinde uluslararas\u0131 ortakl\u0131klar\u0131n \u00f6nemini vurgulad\u0131.<\/p>\n","protected":false},"excerpt":{"rendered":"<p>\u015eAM (SANA) &#8211; Suriye Enformasyon Bakan\u0131 Dr. Hamza El Mustafa, Birle\u015fmi\u015f Milletler Kalk\u0131nma Program\u0131 (UNDP) Suriye Mukim Temsilci Yard\u0131mc\u0131s\u0131 Dr. Muhammed Seddik Mudavi ile bakanl\u0131k ile program aras\u0131ndaki i\u015f birli\u011finin art\u0131r\u0131lmas\u0131 yollar\u0131n\u0131 g\u00f6r\u00fc\u015ft\u00fc. Enformasyon Bakanl\u0131\u011f\u0131, Telegram kanal\u0131ndan yapt\u0131\u011f\u0131 a\u00e7\u0131klamada, g\u00f6r\u00fc\u015fmelerde krizlere y\u00f6nelik medya kapasitesinin olu\u015fturulmas\u0131, toplumsal fark\u0131ndal\u0131k projelerinin desteklenmesi ve s\u00fcrd\u00fcr\u00fclebilir kalk\u0131nma \u00f6ncelikleri ile devletin &hellip;<\/p>\n","protected":false},"author":39,"featured_media":324513,"comment_status":"closed","ping_status":"closed","sticky":false,"template":"","format":"standard","meta":{"footnotes":""},"categories":[589,479,17988,478],"tags":[],"class_list":["post-324512","post","type-post","status-publish","format-standard","has-post-thumbnail","","category-haber-seridi","category-haberler-yerel","category-son-haberler","category-yerel"],"_links":{"self":[{"href":"https:\/\/archive.sana.sy\/tr\/index.php?rest_route=\/wp\/v2\/posts\/324512","targetHints":{"allow":["GET"]}}],"collection":[{"href":"https:\/\/archive.sana.sy\/tr\/index.php?rest_route=\/wp\/v2\/posts"}],"about":[{"href":"https:\/\/archive.sana.sy\/tr\/index.php?rest_route=\/wp\/v2\/types\/post"}],"author":[{"embeddable":true,"href":"https:\/\/archive.sana.sy\/tr\/index.php?rest_route=\/wp\/v2\/users\/39"}],"replies":[{"embeddable":true,"href":"https:\/\/archive.sana.sy\/tr\/index.php?rest_route=%2Fwp%2Fv2%2Fcomments&post=324512"}],"version-history":[{"count":1,"href":"https:\/\/archive.sana.sy\/tr\/index.php?rest_route=\/wp\/v2\/posts\/324512\/revisions"}],"predecessor-version":[{"id":324515,"href":"https:\/\/archive.sana.sy\/tr\/index.php?rest_route=\/wp\/v2\/posts\/324512\/revisions\/324515"}],"wp:featuredmedia":[{"embeddable":true,"href":"https:\/\/archive.sana.sy\/tr\/index.php?rest_route=\/wp\/v2\/media\/324513"}],"wp:attachment":[{"href":"https:\/\/archive.sana.sy\/tr\/index.php?rest_route=%2Fwp%2Fv2%2Fmedia&parent=324512"}],"wp:term":[{"taxonomy":"category","embeddable":true,"href":"https:\/\/archive.sana.sy\/tr\/index.php?rest_route=%2Fwp%2Fv2%2Fcategories&post=324512"},{"taxonomy":"post_tag","embeddable":true,"href":"https:\/\/archive.sana.sy\/tr\/index.php?rest_route=%2Fwp%2Fv2%2Ftags&post=324512"}],"curies":[{"name":"wp","href":"https:\/\/api.w.org\/{rel}","templated":true}]}}