{"id":324516,"date":"2025-07-03T12:22:16","date_gmt":"2025-07-03T09:22:16","guid":{"rendered":"https:\/\/sana.sy\/tr\/?p=324516"},"modified":"2025-07-03T13:05:11","modified_gmt":"2025-07-03T10:05:11","slug":"halep-valiliginin-ic-guvenlik-komutanligi-suclu-abdurrahman-dahrucu-tutukladi","status":"publish","type":"post","link":"https:\/\/archive.sana.sy\/tr\/?p=324516","title":{"rendered":"Halep Valili\u011fi&#8217;nin \u0130\u00e7 G\u00fcvenlik Komutanl\u0131\u011f\u0131, Su\u00e7lu Abdurrahman Dahruc&#8217;u Tutuklad\u0131"},"content":{"rendered":"<p style=\"text-align: justify;\"><strong>HALEP (SANA) &#8211;<\/strong> Halep Valili\u011fi&#8217;nin \u0130\u00e7 G\u00fcvenlik Komutanl\u0131\u011f\u0131, Suriye halk\u0131na kar\u015f\u0131 ihlallerde bulunan s\u00f6zde Ulusal Savunma Milisleri \u00fcyesi su\u00e7lu Abdulrrahman Dahruc&#8217;u tutuklad\u0131.<\/p>\n<p style=\"text-align: justify;\">Su\u00e7lu Dahruc, 2020&#8217;de kurtar\u0131lan kuzey cephelerinde d\u00fczenlenen bir askeri operasyon s\u0131ras\u0131nda, milislerin kontrol\u00fc ele ge\u00e7irmesinin ard\u0131ndan isyanc\u0131 bir k\u00f6yde mezarlar\u0131 kazd\u0131\u011f\u0131 bir videoda g\u00f6r\u00fcnm\u00fc\u015ft\u00fc. Gerekli yasal i\u015flem i\u00e7in yetkili yarg\u0131ya sevk edildi.<\/p>\n","protected":false},"excerpt":{"rendered":"<p>HALEP (SANA) &#8211; Halep Valili\u011fi&#8217;nin \u0130\u00e7 G\u00fcvenlik Komutanl\u0131\u011f\u0131, Suriye halk\u0131na kar\u015f\u0131 ihlallerde bulunan s\u00f6zde Ulusal Savunma Milisleri \u00fcyesi su\u00e7lu Abdulrrahman Dahruc&#8217;u tutuklad\u0131. Su\u00e7lu Dahruc, 2020&#8217;de kurtar\u0131lan kuzey cephelerinde d\u00fczenlenen bir askeri operasyon s\u0131ras\u0131nda, milislerin kontrol\u00fc ele ge\u00e7irmesinin ard\u0131ndan isyanc\u0131 bir k\u00f6yde mezarlar\u0131 kazd\u0131\u011f\u0131 bir videoda g\u00f6r\u00fcnm\u00fc\u015ft\u00fc. Gerekli yasal i\u015flem i\u00e7in yetkili yarg\u0131ya sevk edildi.<\/p>\n","protected":false},"author":39,"featured_media":324517,"comment_status":"closed","ping_status":"closed","sticky":false,"template":"","format":"standard","meta":{"footnotes":""},"categories":[589,479,17988,478],"tags":[],"class_list":["post-324516","post","type-post","status-publish","format-standard","has-post-thumbnail","","category-haber-seridi","category-haberler-yerel","category-son-haberler","category-yerel"],"_links":{"self":[{"href":"https:\/\/archive.sana.sy\/tr\/index.php?rest_route=\/wp\/v2\/posts\/324516","targetHints":{"allow":["GET"]}}],"collection":[{"href":"https:\/\/archive.sana.sy\/tr\/index.php?rest_route=\/wp\/v2\/posts"}],"about":[{"href":"https:\/\/archive.sana.sy\/tr\/index.php?rest_route=\/wp\/v2\/types\/post"}],"author":[{"embeddable":true,"href":"https:\/\/archive.sana.sy\/tr\/index.php?rest_route=\/wp\/v2\/users\/39"}],"replies":[{"embeddable":true,"href":"https:\/\/archive.sana.sy\/tr\/index.php?rest_route=%2Fwp%2Fv2%2Fcomments&post=324516"}],"version-history":[{"count":1,"href":"https:\/\/archive.sana.sy\/tr\/index.php?rest_route=\/wp\/v2\/posts\/324516\/revisions"}],"predecessor-version":[{"id":324518,"href":"https:\/\/archive.sana.sy\/tr\/index.php?rest_route=\/wp\/v2\/posts\/324516\/revisions\/324518"}],"wp:featuredmedia":[{"embeddable":true,"href":"https:\/\/archive.sana.sy\/tr\/index.php?rest_route=\/wp\/v2\/media\/324517"}],"wp:attachment":[{"href":"https:\/\/archive.sana.sy\/tr\/index.php?rest_route=%2Fwp%2Fv2%2Fmedia&parent=324516"}],"wp:term":[{"taxonomy":"category","embeddable":true,"href":"https:\/\/archive.sana.sy\/tr\/index.php?rest_route=%2Fwp%2Fv2%2Fcategories&post=324516"},{"taxonomy":"post_tag","embeddable":true,"href":"https:\/\/archive.sana.sy\/tr\/index.php?rest_route=%2Fwp%2Fv2%2Ftags&post=324516"}],"curies":[{"name":"wp","href":"https:\/\/api.w.org\/{rel}","templated":true}]}}