{"id":324519,"date":"2025-07-03T13:55:15","date_gmt":"2025-07-03T10:55:15","guid":{"rendered":"https:\/\/sana.sy\/tr\/?p=324519"},"modified":"2025-07-03T13:45:16","modified_gmt":"2025-07-03T10:45:16","slug":"katarli-bir-sirket-suriyede-gida-sektorune-250-milyon-dolar-yatirim-yapacak","status":"publish","type":"post","link":"https:\/\/archive.sana.sy\/tr\/?p=324519","title":{"rendered":"Katarl\u0131 Bir \u015eirket, Suriye&#8217;de G\u0131da Sekt\u00f6r\u00fcne 250 Milyon Dolar Yat\u0131r\u0131m Yapacak"},"content":{"rendered":"<p style=\"text-align: justify;\"><span style=\"color: #ff0000;\"><strong>DOHA (SANA) \u2013<\/strong><\/span> Katarl\u0131 &#8220;Baladna&#8221; \u015firketi, Suriye\u2019de s\u00fct, s\u00fct \u00fcr\u00fcnleri ve meyve suyu \u00fcretimi i\u00e7in yakla\u015f\u0131k 250 milyon dolar tutar\u0131nda entegre bir end\u00fcstriyel projeye yat\u0131r\u0131m yapma niyetini a\u00e7\u0131klad\u0131. Bu ad\u0131m, Katar \u00f6zel sekt\u00f6r\u00fcn\u00fcn Suriye pazar\u0131na y\u00f6nelik artan ilgisini yans\u0131tmaktad\u0131r.<\/p>\n<p style=\"text-align: justify;\">\u015eirketin yay\u0131mlad\u0131\u011f\u0131 a\u00e7\u0131klamaya g\u00f6re, y\u00f6netim kurulu son toplant\u0131s\u0131nda, projenin Suriye\u2019de son y\u0131llarda ger\u00e7ekle\u015ftirilen en b\u00fcy\u00fck g\u0131da yat\u0131r\u0131mlar\u0131ndan biri oldu\u011fu de\u011ferlendirmesiyle, yat\u0131r\u0131m plan\u0131n\u0131 oy birli\u011fiyle onaylad\u0131.<\/p>\n<p style=\"text-align: justify;\">A\u00e7\u0131klamada ayr\u0131ca, \u015firketin b\u00f6lgesel geni\u015flemesi ve operasyonel a\u011f\u0131n\u0131n g\u00fc\u00e7lendirilmesi amac\u0131yla, ana \u015firkete destek hizmetleri sunacak bir yan kurulu\u015fun M\u0131s\u0131r\u2019da kurulmas\u0131n\u0131n da y\u00f6netim kurulu taraf\u0131ndan onayland\u0131\u011f\u0131 belirtildi.<\/p>\n","protected":false},"excerpt":{"rendered":"<p>DOHA (SANA) \u2013 Katarl\u0131 &#8220;Baladna&#8221; \u015firketi, Suriye\u2019de s\u00fct, s\u00fct \u00fcr\u00fcnleri ve meyve suyu \u00fcretimi i\u00e7in yakla\u015f\u0131k 250 milyon dolar tutar\u0131nda entegre bir end\u00fcstriyel projeye yat\u0131r\u0131m yapma niyetini a\u00e7\u0131klad\u0131. Bu ad\u0131m, Katar \u00f6zel sekt\u00f6r\u00fcn\u00fcn Suriye pazar\u0131na y\u00f6nelik artan ilgisini yans\u0131tmaktad\u0131r. \u015eirketin yay\u0131mlad\u0131\u011f\u0131 a\u00e7\u0131klamaya g\u00f6re, y\u00f6netim kurulu son toplant\u0131s\u0131nda, projenin Suriye\u2019de son y\u0131llarda ger\u00e7ekle\u015ftirilen en b\u00fcy\u00fck g\u0131da &hellip;<\/p>\n","protected":false},"author":39,"featured_media":324520,"comment_status":"closed","ping_status":"closed","sticky":false,"template":"","format":"standard","meta":{"footnotes":""},"categories":[458,589,459,17988],"tags":[],"class_list":["post-324519","post","type-post","status-publish","format-standard","has-post-thumbnail","","category-dunya1","category-haber-seridi","category-haberler-arap-uluslararasi-politika","category-son-haberler"],"_links":{"self":[{"href":"https:\/\/archive.sana.sy\/tr\/index.php?rest_route=\/wp\/v2\/posts\/324519","targetHints":{"allow":["GET"]}}],"collection":[{"href":"https:\/\/archive.sana.sy\/tr\/index.php?rest_route=\/wp\/v2\/posts"}],"about":[{"href":"https:\/\/archive.sana.sy\/tr\/index.php?rest_route=\/wp\/v2\/types\/post"}],"author":[{"embeddable":true,"href":"https:\/\/archive.sana.sy\/tr\/index.php?rest_route=\/wp\/v2\/users\/39"}],"replies":[{"embeddable":true,"href":"https:\/\/archive.sana.sy\/tr\/index.php?rest_route=%2Fwp%2Fv2%2Fcomments&post=324519"}],"version-history":[{"count":1,"href":"https:\/\/archive.sana.sy\/tr\/index.php?rest_route=\/wp\/v2\/posts\/324519\/revisions"}],"predecessor-version":[{"id":324521,"href":"https:\/\/archive.sana.sy\/tr\/index.php?rest_route=\/wp\/v2\/posts\/324519\/revisions\/324521"}],"wp:featuredmedia":[{"embeddable":true,"href":"https:\/\/archive.sana.sy\/tr\/index.php?rest_route=\/wp\/v2\/media\/324520"}],"wp:attachment":[{"href":"https:\/\/archive.sana.sy\/tr\/index.php?rest_route=%2Fwp%2Fv2%2Fmedia&parent=324519"}],"wp:term":[{"taxonomy":"category","embeddable":true,"href":"https:\/\/archive.sana.sy\/tr\/index.php?rest_route=%2Fwp%2Fv2%2Fcategories&post=324519"},{"taxonomy":"post_tag","embeddable":true,"href":"https:\/\/archive.sana.sy\/tr\/index.php?rest_route=%2Fwp%2Fv2%2Ftags&post=324519"}],"curies":[{"name":"wp","href":"https:\/\/api.w.org\/{rel}","templated":true}]}}